{"id":2494,"date":"2011-05-03T10:43:49","date_gmt":"2011-05-03T10:43:49","guid":{"rendered":"http:\/\/sassariscacchi.fuoriradio.com\/?p=2494"},"modified":"2011-05-03T10:46:31","modified_gmt":"2011-05-03T10:46:31","slug":"zaira","status":"publish","type":"post","link":"https:\/\/www.metodoideografico.it\/index.php\/2011\/05\/03\/zaira\/","title":{"rendered":"Zaira"},"content":{"rendered":"<p>La batteria di oggi \u00e8 dedicata a Zaira, la citt\u00e0 invisibile di Italo Calvino, di cui lo stralcio qui sotto rappresenta ci\u00f2 che mi ha ispirato l&#8217;associazione:<\/p>\n<p><em><strong>&#8220;[&#8230;]Non di questo \u00e8 fatta la citt\u00e0, ma di relazioni tra le misure del suo spazio e gli avvenimenti del suo passato: la distanza dal suolo d\u2019un lampione e i piedi penzolanti d\u2019un usurpatore impiccato; il filo teso dal lampione alla ringhiera di fronte e i festoni che impavesano il percorso del corteo nuziale della regina; l\u2019altezza di quella ringhiera e il salto dell\u2019adultero che la scavalca all\u2019alba; l\u2019inclinazione d\u2019una grondaia e l\u2019incedervi d\u2019un gatto che s\u2019infila nella stessa finestra; la linea di tiro della nave cannoniera apparsa all\u2019improvviso dietro il capo e la bomba che distrugge la grondaia; gli strappi delle reti da pesca e i tre vecchi che seduti sul molo a rammendare le reti si raccontano per la centesima volta la storia della cannoniera dell\u2019usurpatore, che si dice fosse un figlio adulterino della regina, abbandonato in fasce sul molo.&#8221;<\/strong><\/em><\/p>\n<p>Nei quadri di matto presentati di seguito con l&#8217;immancabile illustrazione di Fabio Lanza la batteria composta da Donna, Torre e tre pedoni d\u00e0 matto in una mossa che bisogna scoprire&#8230; Chi volesse pu\u00f2 cliccare sull&#8217;immagine per ingrandirla.<\/p>\n<p style=\"text-align: center;\">&nbsp;<\/p>\n<div id=\"attachment_2496\" style=\"width: 492px\" class=\"wp-caption aligncenter\"><a href=\"http:\/\/sassariscacchi.fuoriradio.com\/wp-content\/uploads\/2011\/05\/Quadri1.jpg\"><img loading=\"lazy\" decoding=\"async\" aria-describedby=\"caption-attachment-2496\" class=\"size-large wp-image-2496 \" title=\"Quadri\" src=\"http:\/\/sassariscacchi.fuoriradio.com\/wp-content\/uploads\/2011\/05\/Quadri1-804x1024.jpg\" alt=\"\" width=\"482\" height=\"614\" srcset=\"https:\/\/www.metodoideografico.it\/wp-content\/uploads\/2011\/05\/Quadri1-804x1024.jpg 804w, https:\/\/www.metodoideografico.it\/wp-content\/uploads\/2011\/05\/Quadri1-235x300.jpg 235w, https:\/\/www.metodoideografico.it\/wp-content\/uploads\/2011\/05\/Quadri1.jpg 998w\" sizes=\"auto, (max-width: 482px) 100vw, 482px\" \/><\/a><p id=\"caption-attachment-2496\" class=\"wp-caption-text\">Illustrazione di Fabio Lanza<\/p><\/div>\n","protected":false},"excerpt":{"rendered":"<p>La batteria di oggi \u00e8 dedicata a Zaira, la citt\u00e0 invisibile di Italo Calvino, di cui lo stralcio qui sotto rappresenta ci\u00f2 che mi ha ispirato l&#8217;associazione: &#8220;[&#8230;]Non di questo \u00e8 fatta la citt\u00e0, ma di relazioni tra le misure del suo spazio e gli avvenimenti del suo passato: la distanza dal suolo d\u2019un lampione [&hellip;]<\/p>\n","protected":false},"author":2,"featured_media":0,"comment_status":"open","ping_status":"open","sticky":false,"template":"","format":"standard","meta":{"footnotes":""},"categories":[21,34,25,30,26],"tags":[],"class_list":["post-2494","post","type-post","status-publish","format-standard","hentry","category-arte","category-batterie","category-checkmate-pattern","category-fumetti","category-poesia"],"_links":{"self":[{"href":"https:\/\/www.metodoideografico.it\/index.php\/wp-json\/wp\/v2\/posts\/2494","targetHints":{"allow":["GET"]}}],"collection":[{"href":"https:\/\/www.metodoideografico.it\/index.php\/wp-json\/wp\/v2\/posts"}],"about":[{"href":"https:\/\/www.metodoideografico.it\/index.php\/wp-json\/wp\/v2\/types\/post"}],"author":[{"embeddable":true,"href":"https:\/\/www.metodoideografico.it\/index.php\/wp-json\/wp\/v2\/users\/2"}],"replies":[{"embeddable":true,"href":"https:\/\/www.metodoideografico.it\/index.php\/wp-json\/wp\/v2\/comments?post=2494"}],"version-history":[{"count":7,"href":"https:\/\/www.metodoideografico.it\/index.php\/wp-json\/wp\/v2\/posts\/2494\/revisions"}],"predecessor-version":[{"id":2501,"href":"https:\/\/www.metodoideografico.it\/index.php\/wp-json\/wp\/v2\/posts\/2494\/revisions\/2501"}],"wp:attachment":[{"href":"https:\/\/www.metodoideografico.it\/index.php\/wp-json\/wp\/v2\/media?parent=2494"}],"wp:term":[{"taxonomy":"category","embeddable":true,"href":"https:\/\/www.metodoideografico.it\/index.php\/wp-json\/wp\/v2\/categories?post=2494"},{"taxonomy":"post_tag","embeddable":true,"href":"https:\/\/www.metodoideografico.it\/index.php\/wp-json\/wp\/v2\/tags?post=2494"}],"curies":[{"name":"wp","href":"https:\/\/api.w.org\/{rel}","templated":true}]}}