{"id":2541,"date":"2011-05-06T13:01:17","date_gmt":"2011-05-06T13:01:17","guid":{"rendered":"http:\/\/sassariscacchi.fuoriradio.com\/?p=2541"},"modified":"2012-04-13T06:36:04","modified_gmt":"2012-04-13T06:36:04","slug":"la-corsa-del-pedone","status":"publish","type":"post","link":"https:\/\/www.metodoideografico.it\/index.php\/2011\/05\/06\/la-corsa-del-pedone\/","title":{"rendered":"La corsa del pedone."},"content":{"rendered":"<div id=\"attachment_2542\" style=\"width: 435px\" class=\"wp-caption aligncenter\"><a href=\"http:\/\/sassariscacchi.fuoriradio.com\/wp-content\/uploads\/2011\/05\/re-mangia-pedone.jpg\"><img loading=\"lazy\" decoding=\"async\" aria-describedby=\"caption-attachment-2542\" class=\"size-full wp-image-2542\" title=\"re-mangia-pedone\" src=\"http:\/\/sassariscacchi.fuoriradio.com\/wp-content\/uploads\/2011\/05\/re-mangia-pedone.jpg\" alt=\"\" width=\"425\" height=\"595\" srcset=\"https:\/\/www.metodoideografico.it\/wp-content\/uploads\/2011\/05\/re-mangia-pedone.jpg 425w, https:\/\/www.metodoideografico.it\/wp-content\/uploads\/2011\/05\/re-mangia-pedone-214x300.jpg 214w\" sizes=\"auto, (max-width: 425px) 100vw, 425px\" \/><\/a><p id=\"caption-attachment-2542\" class=\"wp-caption-text\">Illustrazione di Francis Manfredi<\/p><\/div>\n<p>&nbsp;<\/p>\n<p style=\"text-align: center;\"><strong><em>Un pedone con grande presunzione<br \/>\npensava di superar di parecchio<br \/>\nnella corsa verso la promozione<br \/>\nil Re nemico, pensandolo ormai vecchio.<\/em><\/strong><\/p>\n<p style=\"text-align: center;\"><strong><em>Cos\u00ec senza nessuna riflessione<br \/>\nsi spron\u00f2 avanti, ma il Re a specchio<br \/>\nsi mosse nella stessa direzione<br \/>\nfinch\u00e8 l&#8217;afferr\u00f2 per un orecchio.<\/em><\/strong><\/p>\n<p style=\"text-align: center;\"><strong><em>&#8220;Vi chiedo perdono, sua Maest\u00e0&#8221;<br \/>\ndisse il fellone appena catturato,<br \/>\nma il Sire lo mangi\u00f2 senza piet\u00e0&#8230;<\/em><\/strong><\/p>\n<p style=\"text-align: center;\"><strong><em><br \/>\nOgni pedone d&#8217;ora in poi \u00e8 avvisato<br \/>\nse vuol far gare di velocit\u00e0<br \/>\nripassi la &#8220;norma del quadrato&#8221;.<\/p>\n<p><\/em><\/strong><\/p>\n","protected":false},"excerpt":{"rendered":"<p>&nbsp; Un pedone con grande presunzione pensava di superar di parecchio nella corsa verso la promozione il Re nemico, pensandolo ormai vecchio. Cos\u00ec senza nessuna riflessione si spron\u00f2 avanti, ma il Re a specchio si mosse nella stessa direzione finch\u00e8 l&#8217;afferr\u00f2 per un orecchio. &#8220;Vi chiedo perdono, sua Maest\u00e0&#8221; disse il fellone appena catturato, ma [&hellip;]<\/p>\n","protected":false},"author":2,"featured_media":0,"comment_status":"open","ping_status":"open","sticky":false,"template":"","format":"standard","meta":{"footnotes":""},"categories":[21,40,30,7,26],"tags":[],"class_list":["post-2541","post","type-post","status-publish","format-standard","hentry","category-arte","category-filastrocche","category-fumetti","category-metodo-ideografico","category-poesia"],"_links":{"self":[{"href":"https:\/\/www.metodoideografico.it\/index.php\/wp-json\/wp\/v2\/posts\/2541","targetHints":{"allow":["GET"]}}],"collection":[{"href":"https:\/\/www.metodoideografico.it\/index.php\/wp-json\/wp\/v2\/posts"}],"about":[{"href":"https:\/\/www.metodoideografico.it\/index.php\/wp-json\/wp\/v2\/types\/post"}],"author":[{"embeddable":true,"href":"https:\/\/www.metodoideografico.it\/index.php\/wp-json\/wp\/v2\/users\/2"}],"replies":[{"embeddable":true,"href":"https:\/\/www.metodoideografico.it\/index.php\/wp-json\/wp\/v2\/comments?post=2541"}],"version-history":[{"count":5,"href":"https:\/\/www.metodoideografico.it\/index.php\/wp-json\/wp\/v2\/posts\/2541\/revisions"}],"predecessor-version":[{"id":5707,"href":"https:\/\/www.metodoideografico.it\/index.php\/wp-json\/wp\/v2\/posts\/2541\/revisions\/5707"}],"wp:attachment":[{"href":"https:\/\/www.metodoideografico.it\/index.php\/wp-json\/wp\/v2\/media?parent=2541"}],"wp:term":[{"taxonomy":"category","embeddable":true,"href":"https:\/\/www.metodoideografico.it\/index.php\/wp-json\/wp\/v2\/categories?post=2541"},{"taxonomy":"post_tag","embeddable":true,"href":"https:\/\/www.metodoideografico.it\/index.php\/wp-json\/wp\/v2\/tags?post=2541"}],"curies":[{"name":"wp","href":"https:\/\/api.w.org\/{rel}","templated":true}]}}