{"id":2987,"date":"2011-08-23T13:09:33","date_gmt":"2011-08-23T13:09:33","guid":{"rendered":"http:\/\/sassariscacchi.fuoriradio.com\/?p=2987"},"modified":"2011-10-28T20:07:06","modified_gmt":"2011-10-28T20:07:06","slug":"emanuel-lasker","status":"publish","type":"post","link":"https:\/\/www.metodoideografico.it\/index.php\/2011\/08\/23\/emanuel-lasker\/","title":{"rendered":"Emanuel Lasker"},"content":{"rendered":"<h3 style=\"text-align: center;\"><a href=\"http:\/\/sassariscacchi.fuoriradio.com\/wp-content\/uploads\/2011\/08\/lasker-2.jpg\"><img loading=\"lazy\" decoding=\"async\" class=\"size-medium wp-image-4193 alignnone\" title=\"lasker 2\" src=\"http:\/\/sassariscacchi.fuoriradio.com\/wp-content\/uploads\/2011\/08\/lasker-2-218x300.jpg\" alt=\"\" width=\"218\" height=\"300\" srcset=\"https:\/\/www.metodoideografico.it\/wp-content\/uploads\/2011\/08\/lasker-2-218x300.jpg 218w, https:\/\/www.metodoideografico.it\/wp-content\/uploads\/2011\/08\/lasker-2-747x1024.jpg 747w\" sizes=\"auto, (max-width: 218px) 100vw, 218px\" \/><\/a><a href=\"http:\/\/sassariscacchi.fuoriradio.com\/wp-content\/uploads\/2011\/08\/lasker.jpg\"><br \/>\n<\/a><\/h3>\n<h3 style=\"text-align: center;\">Emanuel <em>Lasker, campione del mondo,<\/em><\/h3>\n<h3 style=\"text-align: center;\"><em>fu buon conoscitore di teoria<\/em><\/h3>\n<h3 style=\"text-align: center;\"><em>e lottatore astuto e profondo.<\/em><\/h3>\n<h3 style=\"text-align: center;\"><em>Per molti campi spazi\u00f2 la sua maestria,<\/em><\/h3>\n<h3 style=\"text-align: center;\"><em>divulgatore fervido e fecondo<\/em><\/h3>\n<h3 style=\"text-align: center;\"><em>fu anche attratto dalla filosofia.<\/em><\/h3>\n<h3 style=\"text-align: center;\"><em>Se non mostr\u00f2 un talento immenso<\/em><\/h3>\n<h3 style=\"text-align: center;\"><em>di certo applic\u00f2 il suo &#8220;buon senso&#8221;<\/em>\u00a0.<\/h3>\n","protected":false},"excerpt":{"rendered":"<p>Emanuel Lasker, campione del mondo, fu buon conoscitore di teoria e lottatore astuto e profondo. Per molti campi spazi\u00f2 la sua maestria, divulgatore fervido e fecondo fu anche attratto dalla filosofia. Se non mostr\u00f2 un talento immenso di certo applic\u00f2 il suo &#8220;buon senso&#8221;\u00a0.<\/p>\n","protected":false},"author":2,"featured_media":0,"comment_status":"open","ping_status":"open","sticky":false,"template":"","format":"standard","meta":{"footnotes":""},"categories":[21,37,26],"tags":[],"class_list":["post-2987","post","type-post","status-publish","format-standard","hentry","category-arte","category-ottave","category-poesia"],"_links":{"self":[{"href":"https:\/\/www.metodoideografico.it\/index.php\/wp-json\/wp\/v2\/posts\/2987","targetHints":{"allow":["GET"]}}],"collection":[{"href":"https:\/\/www.metodoideografico.it\/index.php\/wp-json\/wp\/v2\/posts"}],"about":[{"href":"https:\/\/www.metodoideografico.it\/index.php\/wp-json\/wp\/v2\/types\/post"}],"author":[{"embeddable":true,"href":"https:\/\/www.metodoideografico.it\/index.php\/wp-json\/wp\/v2\/users\/2"}],"replies":[{"embeddable":true,"href":"https:\/\/www.metodoideografico.it\/index.php\/wp-json\/wp\/v2\/comments?post=2987"}],"version-history":[{"count":7,"href":"https:\/\/www.metodoideografico.it\/index.php\/wp-json\/wp\/v2\/posts\/2987\/revisions"}],"predecessor-version":[{"id":3408,"href":"https:\/\/www.metodoideografico.it\/index.php\/wp-json\/wp\/v2\/posts\/2987\/revisions\/3408"}],"wp:attachment":[{"href":"https:\/\/www.metodoideografico.it\/index.php\/wp-json\/wp\/v2\/media?parent=2987"}],"wp:term":[{"taxonomy":"category","embeddable":true,"href":"https:\/\/www.metodoideografico.it\/index.php\/wp-json\/wp\/v2\/categories?post=2987"},{"taxonomy":"post_tag","embeddable":true,"href":"https:\/\/www.metodoideografico.it\/index.php\/wp-json\/wp\/v2\/tags?post=2987"}],"curies":[{"name":"wp","href":"https:\/\/api.w.org\/{rel}","templated":true}]}}