{"id":435,"date":"2010-03-03T07:59:54","date_gmt":"2010-03-03T07:59:54","guid":{"rendered":"http:\/\/sassariscacchi.fuoriradio.com\/?p=435"},"modified":"2010-03-03T13:22:44","modified_gmt":"2010-03-03T13:22:44","slug":"psicomotricita-la-giusta-direzione","status":"publish","type":"post","link":"https:\/\/www.metodoideografico.it\/index.php\/2010\/03\/03\/psicomotricita-la-giusta-direzione\/","title":{"rendered":"Psicomotricit\u00e0: la giusta direzione&#8230;"},"content":{"rendered":"<p>Stamattina sar\u00f2 impegnato nuovamente con la psicomotricit\u00e0 su scacchiera gigante. La lezione prevista, in via Forlanini,\u00a0 \u00e8 stata pensata dalla maestra Michela d&#8217;accordo con la maestra di Inglese Renata: quello che segue \u00e8 il loro progetto di unit\u00e0 didattica che realizzeremo oggi.<\/p>\n<p style=\"text-align: center;\">LA GIUSTA DIREZIONE.<\/p>\n<p>ISTRUZIONI.<\/p>\n<ul>\n<li>IN AULA: ad ogni bambino viene dato un foglio con una scacchiera bianca. Ciascuno deve colorare le caselle \u201cnere\u201d utilizzando il grigio.<\/li>\n<li>NELL\u2019AULA POLIFUNZIONALE:<\/li>\n<\/ul>\n<p><a href=\"http:\/\/sassariscacchi.fuoriradio.com\/wp-content\/uploads\/2010\/03\/griglia.jpg\"><img loading=\"lazy\" decoding=\"async\" class=\"alignleft size-medium wp-image-436\" title=\"griglia\" src=\"http:\/\/sassariscacchi.fuoriradio.com\/wp-content\/uploads\/2010\/03\/griglia-300x222.jpg\" alt=\"\" width=\"300\" height=\"222\" srcset=\"https:\/\/www.metodoideografico.it\/wp-content\/uploads\/2010\/03\/griglia-300x222.jpg 300w, https:\/\/www.metodoideografico.it\/wp-content\/uploads\/2010\/03\/griglia.jpg 653w\" sizes=\"auto, (max-width: 300px) 100vw, 300px\" \/><\/a><\/p>\n<p><a href=\"http:\/\/sassariscacchi.fuoriradio.com\/wp-content\/uploads\/2010\/03\/griglia-colorata.jpg\"><img loading=\"lazy\" decoding=\"async\" class=\"alignleft size-medium wp-image-437\" title=\"griglia colorata\" src=\"http:\/\/sassariscacchi.fuoriradio.com\/wp-content\/uploads\/2010\/03\/griglia-colorata-300x219.jpg\" alt=\"\" width=\"300\" height=\"219\" srcset=\"https:\/\/www.metodoideografico.it\/wp-content\/uploads\/2010\/03\/griglia-colorata-300x219.jpg 300w, https:\/\/www.metodoideografico.it\/wp-content\/uploads\/2010\/03\/griglia-colorata.jpg 655w\" sizes=\"auto, (max-width: 300px) 100vw, 300px\" \/><\/a> Il bambino <strong>X<\/strong> ha l\u2019incarico di guidare un compagno <strong>Y<\/strong>. La restante parte del gruppo osserva in silenzio. L\u2019insegnante d\u00e0 ad <strong>X <\/strong>i cartellini con le \u201cmacchie di Rorschach\u201d dei tre colori primari. Lui dovr\u00e0 guidare il compagno lungo la diagonale H8 dando i seguenti comandi : (YELLOW H1, YELLOW G2, YELLOW F3, YELLOW E4, YELLOW D5, YELLOW C6, YELLOW B7, YELLOW A8). <strong>Y<\/strong>, che si orienter\u00e0 osservando numeri e lettere opportunamente collocati sul pavimento, ad ogni passo lascia un cartellino sul quadrato di riferimento. Evidenzier\u00e0 cos\u00ec una linea obliqua gialla che i compagni dovranno rappresentare sul loro foglio effettuando dunque una trasposizione visiva del percorso. La stessa cosa avverr\u00e0 per la linea verticale rossa e per quella orizzontale blu. Il percorso si conclude in G1.\u00a0 In questa casella \u00e8 presente un foglietto col seguente indovinello:<\/p>\n<p>&#8220;Non son mela non son pera ,<br \/>\nho la forma d\u2019una sfera.<br \/>\nIl mio succo nutriente<br \/>\n\u00e8 una bibita eccellente.<br \/>\nNon procuro mal di pancia<br \/>\nho la buccia e son\u2026&#8221;<br \/>\n(soluzione dell&#8217;indovinello: l&#8217;arancia).<\/p>\n<p>Sar\u00e0 interessante alla fine del gioco vedere quanti bambini hanno rappresentato il percorso in maniera corretta nel loro foglio.<\/p>\n<p><a href=\"http:\/\/sassariscacchi.fuoriradio.com\/wp-content\/uploads\/2010\/03\/verifica.jpg\"><img loading=\"lazy\" decoding=\"async\" class=\"alignleft size-medium wp-image-440\" title=\"verifica\" src=\"http:\/\/sassariscacchi.fuoriradio.com\/wp-content\/uploads\/2010\/03\/verifica-300x225.jpg\" alt=\"Costruzione e verifica.\" width=\"300\" height=\"225\" srcset=\"https:\/\/www.metodoideografico.it\/wp-content\/uploads\/2010\/03\/verifica-300x225.jpg 300w, https:\/\/www.metodoideografico.it\/wp-content\/uploads\/2010\/03\/verifica-1024x768.jpg 1024w, https:\/\/www.metodoideografico.it\/wp-content\/uploads\/2010\/03\/verifica.jpg 2048w\" sizes=\"auto, (max-width: 300px) 100vw, 300px\" \/><\/a><\/p>\n<div id=\"attachment_441\" style=\"width: 310px\" class=\"wp-caption alignleft\"><a href=\"http:\/\/sassariscacchi.fuoriradio.com\/wp-content\/uploads\/2010\/03\/disegno.jpg\"><img loading=\"lazy\" decoding=\"async\" aria-describedby=\"caption-attachment-441\" class=\"size-medium wp-image-441\" title=\"disegno\" src=\"http:\/\/sassariscacchi.fuoriradio.com\/wp-content\/uploads\/2010\/03\/disegno-300x225.jpg\" alt=\"\" width=\"300\" height=\"225\" srcset=\"https:\/\/www.metodoideografico.it\/wp-content\/uploads\/2010\/03\/disegno-300x225.jpg 300w, https:\/\/www.metodoideografico.it\/wp-content\/uploads\/2010\/03\/disegno-1024x768.jpg 1024w, https:\/\/www.metodoideografico.it\/wp-content\/uploads\/2010\/03\/disegno.jpg 2048w\" sizes=\"auto, (max-width: 300px) 100vw, 300px\" \/><\/a><p id=\"caption-attachment-441\" class=\"wp-caption-text\">I bambini lavorano coi colori...<\/p><\/div>\n<p>\u00a0<\/p>\n<div id=\"attachment_442\" style=\"width: 310px\" class=\"wp-caption alignleft\"><a href=\"http:\/\/sassariscacchi.fuoriradio.com\/wp-content\/uploads\/2010\/03\/trasposizione.jpg\"><img loading=\"lazy\" decoding=\"async\" aria-describedby=\"caption-attachment-442\" class=\"size-medium wp-image-442\" title=\"trasposizione\" src=\"http:\/\/sassariscacchi.fuoriradio.com\/wp-content\/uploads\/2010\/03\/trasposizione-300x225.jpg\" alt=\"\" width=\"300\" height=\"225\" srcset=\"https:\/\/www.metodoideografico.it\/wp-content\/uploads\/2010\/03\/trasposizione-300x225.jpg 300w, https:\/\/www.metodoideografico.it\/wp-content\/uploads\/2010\/03\/trasposizione-1024x768.jpg 1024w, https:\/\/www.metodoideografico.it\/wp-content\/uploads\/2010\/03\/trasposizione.jpg 2048w\" sizes=\"auto, (max-width: 300px) 100vw, 300px\" \/><\/a><p id=\"caption-attachment-442\" class=\"wp-caption-text\">Al 90% i bambini hanno eseguito bene la trasposizione.<\/p><\/div>\n","protected":false},"excerpt":{"rendered":"<p>Stamattina sar\u00f2 impegnato nuovamente con la psicomotricit\u00e0 su scacchiera gigante. La lezione prevista, in via Forlanini,\u00a0 \u00e8 stata pensata dalla maestra Michela d&#8217;accordo con la maestra di Inglese Renata: quello che segue \u00e8 il loro progetto di unit\u00e0 didattica che realizzeremo oggi. LA GIUSTA DIREZIONE. ISTRUZIONI. IN AULA: ad ogni bambino viene dato un foglio [&hellip;]<\/p>\n","protected":false},"author":2,"featured_media":0,"comment_status":"open","ping_status":"open","sticky":false,"template":"","format":"standard","meta":{"footnotes":""},"categories":[6,10,17],"tags":[],"class_list":["post-435","post","type-post","status-publish","format-standard","hentry","category-didattica","category-psicomotricita","category-scuola"],"_links":{"self":[{"href":"https:\/\/www.metodoideografico.it\/index.php\/wp-json\/wp\/v2\/posts\/435","targetHints":{"allow":["GET"]}}],"collection":[{"href":"https:\/\/www.metodoideografico.it\/index.php\/wp-json\/wp\/v2\/posts"}],"about":[{"href":"https:\/\/www.metodoideografico.it\/index.php\/wp-json\/wp\/v2\/types\/post"}],"author":[{"embeddable":true,"href":"https:\/\/www.metodoideografico.it\/index.php\/wp-json\/wp\/v2\/users\/2"}],"replies":[{"embeddable":true,"href":"https:\/\/www.metodoideografico.it\/index.php\/wp-json\/wp\/v2\/comments?post=435"}],"version-history":[{"count":4,"href":"https:\/\/www.metodoideografico.it\/index.php\/wp-json\/wp\/v2\/posts\/435\/revisions"}],"predecessor-version":[{"id":443,"href":"https:\/\/www.metodoideografico.it\/index.php\/wp-json\/wp\/v2\/posts\/435\/revisions\/443"}],"wp:attachment":[{"href":"https:\/\/www.metodoideografico.it\/index.php\/wp-json\/wp\/v2\/media?parent=435"}],"wp:term":[{"taxonomy":"category","embeddable":true,"href":"https:\/\/www.metodoideografico.it\/index.php\/wp-json\/wp\/v2\/categories?post=435"},{"taxonomy":"post_tag","embeddable":true,"href":"https:\/\/www.metodoideografico.it\/index.php\/wp-json\/wp\/v2\/tags?post=435"}],"curies":[{"name":"wp","href":"https:\/\/api.w.org\/{rel}","templated":true}]}}