{"id":4364,"date":"2011-11-09T18:36:22","date_gmt":"2011-11-09T18:36:22","guid":{"rendered":"http:\/\/sassariscacchi.fuoriradio.com\/?p=4364"},"modified":"2011-11-09T18:36:22","modified_gmt":"2011-11-09T18:36:22","slug":"zora","status":"publish","type":"post","link":"https:\/\/www.metodoideografico.it\/index.php\/2011\/11\/09\/zora\/","title":{"rendered":"Zora."},"content":{"rendered":"<p style=\"text-align: justify;\"><em>&#8220;Al di l\u00e0 di sei fiumi e tre catene di montagne sorge Zora, citt\u00e0 che chi l&#8217;ha vista una volta non pu\u00f2 pi\u00fa dimenticare. Ma non perch\u00e9 essa lasci come altre citt\u00e0 memorabili un&#8217;immagine fuor del comune nei ricordi. Zora ha la propriet\u00e0 di restare nella memoria punto per punto, nella successione delle vie, e delle case lungo le vie, e delle <strong>porte<\/strong> e delle <strong>finestre<\/strong> nelle case, pur non mostrando in esse bellezze o rarit\u00e0 particolari. Il suo segreto \u00e8 il modo in cui la vista scorre su figure che si succedono come in una <strong>partitura musicale<\/strong> nella quale non si pu\u00f2 cambiare o spostare una sola nota. L&#8217;uomo che sa a memoria com&#8217;\u00e8 fatta Zora, la notte quando non pu\u00f2 dormire immagina di camminare per le sue vie e ricorda l&#8217;ordine in cui si succedono <strong>l&#8217;orologio<\/strong> di rame, la tenda a strisce del <strong>barbiere<\/strong>, lo <strong>zampillo<\/strong> dai nove schizzi, la torre di vetro dell&#8217;<strong>astronomo<\/strong>, la edicola del venditore di <strong>cocomeri<\/strong>, la statua dell&#8217;<strong>eremita<\/strong> e del <strong>leone<\/strong>, il <strong>bagno turco<\/strong>, il <strong>caff\u00e8<\/strong> all&#8217;angolo, la <strong>traversa<\/strong> che va al <strong>porto<\/strong>. Questa citt\u00e0 che non si cancella dalla mente e come un&#8217;<strong>armatura<\/strong> o <strong>reticolo<\/strong> nelle cui caselle ognuno pu\u00f2 disporre le cose che vuole ricordare: nomi di uomini illustri, virt\u00f9, numeri, classificazioni vegetali e minerali, date di battaglie, costellazioni, parti del discorso. Tra ogni nozione e ogni punto dell&#8217;itinerario potr\u00e0 stabilire un nesso d&#8217;affinit\u00e0 o di contrasto che serva da richiamo istantaneo alla memoria. Cosicch\u00e9 gli uomini pi\u00fa sapienti del mondo sono quelli che sanno a mente Zora. Ma inutilmente mi sono messo in viaggio per visitare la citt\u00e0: obbligata a restare immobile e uguale a se stessa per essere meglio ricordata, Zora langu\u00ec, si disfece e scomparve. La Terra l&#8217;ha dimenticata.&#8221;\u00a0 <\/em><strong>Da &#8220;Le citt\u00e0 invisibili&#8221;<\/strong><strong> di Italo Calvino<\/strong><\/p>\n<p style=\"text-align: justify;\">In tutti i diagrammi seguenti, ispirati come sempre alla citt\u00e0 raccontata da Calvino, la batteria composta da Donna + Torre + Alfiere muove e d\u00e0 scacco matto in tre mosse: un po&#8217; pi\u00f9 difficile del solito quindi, mettetevi al lavoro perch\u00e8 non pubblicher\u00f2 le soluzioni!<\/p>\n\n\t\t<style type=\"text\/css\">\n\t\t\t#gallery-1 {\n\t\t\t\tmargin: auto;\n\t\t\t}\n\t\t\t#gallery-1 .gallery-item {\n\t\t\t\tfloat: left;\n\t\t\t\tmargin-top: 10px;\n\t\t\t\ttext-align: center;\n\t\t\t\twidth: 25%;\n\t\t\t}\n\t\t\t#gallery-1 img {\n\t\t\t\tborder: 2px solid #cfcfcf;\n\t\t\t}\n\t\t\t#gallery-1 .gallery-caption {\n\t\t\t\tmargin-left: 0;\n\t\t\t}\n\t\t\t\/* see gallery_shortcode() in wp-includes\/media.php *\/\n\t\t<\/style>\n\t\t<div id='gallery-1' class='gallery galleryid-4364 gallery-columns-4 gallery-size-thumbnail'><dl class='gallery-item'>\n\t\t\t<dt class='gallery-icon landscape'>\n\t\t\t\t<a href='https:\/\/www.metodoideografico.it\/wp-content\/uploads\/2011\/11\/9.jpg'><img loading=\"lazy\" decoding=\"async\" width=\"150\" height=\"150\" src=\"https:\/\/www.metodoideografico.it\/wp-content\/uploads\/2011\/11\/9-150x150.jpg\" class=\"attachment-thumbnail size-thumbnail\" alt=\"\" aria-describedby=\"gallery-1-4375\" srcset=\"https:\/\/www.metodoideografico.it\/wp-content\/uploads\/2011\/11\/9-150x150.jpg 150w, https:\/\/www.metodoideografico.it\/wp-content\/uploads\/2011\/11\/9-300x300.jpg 300w, https:\/\/www.metodoideografico.it\/wp-content\/uploads\/2011\/11\/9.jpg 604w\" sizes=\"auto, (max-width: 150px) 100vw, 150px\" \/><\/a>\n\t\t\t<\/dt>\n\t\t\t\t<dd class='wp-caption-text gallery-caption' id='gallery-1-4375'>\n\t\t\t\tMatto del &#8220;Barbiere&#8221;\n\t\t\t\t<\/dd><\/dl><dl class='gallery-item'>\n\t\t\t<dt class='gallery-icon landscape'>\n\t\t\t\t<a href='https:\/\/www.metodoideografico.it\/wp-content\/uploads\/2011\/11\/81.jpg'><img loading=\"lazy\" decoding=\"async\" width=\"150\" height=\"150\" src=\"https:\/\/www.metodoideografico.it\/wp-content\/uploads\/2011\/11\/81-150x150.jpg\" class=\"attachment-thumbnail size-thumbnail\" alt=\"\" aria-describedby=\"gallery-1-4374\" srcset=\"https:\/\/www.metodoideografico.it\/wp-content\/uploads\/2011\/11\/81-150x150.jpg 150w, https:\/\/www.metodoideografico.it\/wp-content\/uploads\/2011\/11\/81-300x300.jpg 300w, https:\/\/www.metodoideografico.it\/wp-content\/uploads\/2011\/11\/81.jpg 604w\" sizes=\"auto, (max-width: 150px) 100vw, 150px\" \/><\/a>\n\t\t\t<\/dt>\n\t\t\t\t<dd class='wp-caption-text gallery-caption' id='gallery-1-4374'>\n\t\t\t\tMatto del Porto\n\t\t\t\t<\/dd><\/dl><dl class='gallery-item'>\n\t\t\t<dt class='gallery-icon landscape'>\n\t\t\t\t<a href='https:\/\/www.metodoideografico.it\/wp-content\/uploads\/2011\/11\/71.jpg'><img loading=\"lazy\" decoding=\"async\" width=\"150\" height=\"150\" src=\"https:\/\/www.metodoideografico.it\/wp-content\/uploads\/2011\/11\/71-150x150.jpg\" class=\"attachment-thumbnail size-thumbnail\" alt=\"\" aria-describedby=\"gallery-1-4373\" srcset=\"https:\/\/www.metodoideografico.it\/wp-content\/uploads\/2011\/11\/71-150x150.jpg 150w, https:\/\/www.metodoideografico.it\/wp-content\/uploads\/2011\/11\/71-300x300.jpg 300w, https:\/\/www.metodoideografico.it\/wp-content\/uploads\/2011\/11\/71.jpg 604w\" sizes=\"auto, (max-width: 150px) 100vw, 150px\" \/><\/a>\n\t\t\t<\/dt>\n\t\t\t\t<dd class='wp-caption-text gallery-caption' id='gallery-1-4373'>\n\t\t\t\tMatto del Bagno turco\n\t\t\t\t<\/dd><\/dl><dl class='gallery-item'>\n\t\t\t<dt class='gallery-icon landscape'>\n\t\t\t\t<a href='https:\/\/www.metodoideografico.it\/wp-content\/uploads\/2011\/11\/61.jpg'><img loading=\"lazy\" decoding=\"async\" width=\"150\" height=\"150\" src=\"https:\/\/www.metodoideografico.it\/wp-content\/uploads\/2011\/11\/61-150x150.jpg\" class=\"attachment-thumbnail size-thumbnail\" alt=\"\" aria-describedby=\"gallery-1-4372\" srcset=\"https:\/\/www.metodoideografico.it\/wp-content\/uploads\/2011\/11\/61-150x150.jpg 150w, https:\/\/www.metodoideografico.it\/wp-content\/uploads\/2011\/11\/61-300x300.jpg 300w, https:\/\/www.metodoideografico.it\/wp-content\/uploads\/2011\/11\/61.jpg 604w\" sizes=\"auto, (max-width: 150px) 100vw, 150px\" \/><\/a>\n\t\t\t<\/dt>\n\t\t\t\t<dd class='wp-caption-text gallery-caption' id='gallery-1-4372'>\n\t\t\t\tMatto dei Cocomeri\n\t\t\t\t<\/dd><\/dl><br style=\"clear: both\" \/><dl class='gallery-item'>\n\t\t\t<dt class='gallery-icon landscape'>\n\t\t\t\t<a href='https:\/\/www.metodoideografico.it\/wp-content\/uploads\/2011\/11\/51.jpg'><img loading=\"lazy\" decoding=\"async\" width=\"150\" height=\"150\" src=\"https:\/\/www.metodoideografico.it\/wp-content\/uploads\/2011\/11\/51-150x150.jpg\" class=\"attachment-thumbnail size-thumbnail\" alt=\"\" aria-describedby=\"gallery-1-4371\" srcset=\"https:\/\/www.metodoideografico.it\/wp-content\/uploads\/2011\/11\/51-150x150.jpg 150w, https:\/\/www.metodoideografico.it\/wp-content\/uploads\/2011\/11\/51-300x300.jpg 300w, https:\/\/www.metodoideografico.it\/wp-content\/uploads\/2011\/11\/51.jpg 604w\" sizes=\"auto, (max-width: 150px) 100vw, 150px\" \/><\/a>\n\t\t\t<\/dt>\n\t\t\t\t<dd class='wp-caption-text gallery-caption' id='gallery-1-4371'>\n\t\t\t\tMatto della Finestra\n\t\t\t\t<\/dd><\/dl><dl class='gallery-item'>\n\t\t\t<dt class='gallery-icon landscape'>\n\t\t\t\t<a href='https:\/\/www.metodoideografico.it\/wp-content\/uploads\/2011\/11\/41.jpg'><img loading=\"lazy\" decoding=\"async\" width=\"150\" height=\"150\" src=\"https:\/\/www.metodoideografico.it\/wp-content\/uploads\/2011\/11\/41-150x150.jpg\" class=\"attachment-thumbnail size-thumbnail\" alt=\"\" aria-describedby=\"gallery-1-4370\" srcset=\"https:\/\/www.metodoideografico.it\/wp-content\/uploads\/2011\/11\/41-150x150.jpg 150w, https:\/\/www.metodoideografico.it\/wp-content\/uploads\/2011\/11\/41-300x300.jpg 300w, https:\/\/www.metodoideografico.it\/wp-content\/uploads\/2011\/11\/41.jpg 604w\" sizes=\"auto, (max-width: 150px) 100vw, 150px\" \/><\/a>\n\t\t\t<\/dt>\n\t\t\t\t<dd class='wp-caption-text gallery-caption' id='gallery-1-4370'>\n\t\t\t\tMatto del Caff\u00e9\n\t\t\t\t<\/dd><\/dl><dl class='gallery-item'>\n\t\t\t<dt class='gallery-icon landscape'>\n\t\t\t\t<a href='https:\/\/www.metodoideografico.it\/wp-content\/uploads\/2011\/11\/31.jpg'><img loading=\"lazy\" decoding=\"async\" width=\"150\" height=\"150\" src=\"https:\/\/www.metodoideografico.it\/wp-content\/uploads\/2011\/11\/31-150x150.jpg\" class=\"attachment-thumbnail size-thumbnail\" alt=\"\" aria-describedby=\"gallery-1-4369\" srcset=\"https:\/\/www.metodoideografico.it\/wp-content\/uploads\/2011\/11\/31-150x150.jpg 150w, https:\/\/www.metodoideografico.it\/wp-content\/uploads\/2011\/11\/31-300x300.jpg 300w, https:\/\/www.metodoideografico.it\/wp-content\/uploads\/2011\/11\/31.jpg 604w\" sizes=\"auto, (max-width: 150px) 100vw, 150px\" \/><\/a>\n\t\t\t<\/dt>\n\t\t\t\t<dd class='wp-caption-text gallery-caption' id='gallery-1-4369'>\n\t\t\t\tMatto dello Spartito\n\t\t\t\t<\/dd><\/dl><dl class='gallery-item'>\n\t\t\t<dt class='gallery-icon landscape'>\n\t\t\t\t<a href='https:\/\/www.metodoideografico.it\/wp-content\/uploads\/2011\/11\/21.jpg'><img loading=\"lazy\" decoding=\"async\" width=\"150\" height=\"150\" src=\"https:\/\/www.metodoideografico.it\/wp-content\/uploads\/2011\/11\/21-150x150.jpg\" class=\"attachment-thumbnail size-thumbnail\" alt=\"\" aria-describedby=\"gallery-1-4368\" srcset=\"https:\/\/www.metodoideografico.it\/wp-content\/uploads\/2011\/11\/21-150x150.jpg 150w, https:\/\/www.metodoideografico.it\/wp-content\/uploads\/2011\/11\/21-300x300.jpg 300w, https:\/\/www.metodoideografico.it\/wp-content\/uploads\/2011\/11\/21.jpg 604w\" sizes=\"auto, (max-width: 150px) 100vw, 150px\" \/><\/a>\n\t\t\t<\/dt>\n\t\t\t\t<dd class='wp-caption-text gallery-caption' id='gallery-1-4368'>\n\t\t\t\tMatto della Traversa\n\t\t\t\t<\/dd><\/dl><br style=\"clear: both\" \/><dl class='gallery-item'>\n\t\t\t<dt class='gallery-icon landscape'>\n\t\t\t\t<a href='https:\/\/www.metodoideografico.it\/wp-content\/uploads\/2011\/11\/161.jpg'><img loading=\"lazy\" decoding=\"async\" width=\"150\" height=\"150\" src=\"https:\/\/www.metodoideografico.it\/wp-content\/uploads\/2011\/11\/161-150x150.jpg\" class=\"attachment-thumbnail size-thumbnail\" alt=\"\" aria-describedby=\"gallery-1-4382\" srcset=\"https:\/\/www.metodoideografico.it\/wp-content\/uploads\/2011\/11\/161-150x150.jpg 150w, https:\/\/www.metodoideografico.it\/wp-content\/uploads\/2011\/11\/161-300x300.jpg 300w, https:\/\/www.metodoideografico.it\/wp-content\/uploads\/2011\/11\/161.jpg 604w\" sizes=\"auto, (max-width: 150px) 100vw, 150px\" \/><\/a>\n\t\t\t<\/dt>\n\t\t\t\t<dd class='wp-caption-text gallery-caption' id='gallery-1-4382'>\n\t\t\t\tMatto dello Zampillo\n\t\t\t\t<\/dd><\/dl><dl class='gallery-item'>\n\t\t\t<dt class='gallery-icon landscape'>\n\t\t\t\t<a href='https:\/\/www.metodoideografico.it\/wp-content\/uploads\/2011\/11\/151.jpg'><img loading=\"lazy\" decoding=\"async\" width=\"150\" height=\"150\" src=\"https:\/\/www.metodoideografico.it\/wp-content\/uploads\/2011\/11\/151-150x150.jpg\" class=\"attachment-thumbnail size-thumbnail\" alt=\"\" aria-describedby=\"gallery-1-4381\" srcset=\"https:\/\/www.metodoideografico.it\/wp-content\/uploads\/2011\/11\/151-150x150.jpg 150w, https:\/\/www.metodoideografico.it\/wp-content\/uploads\/2011\/11\/151-300x300.jpg 300w, https:\/\/www.metodoideografico.it\/wp-content\/uploads\/2011\/11\/151.jpg 604w\" sizes=\"auto, (max-width: 150px) 100vw, 150px\" \/><\/a>\n\t\t\t<\/dt>\n\t\t\t\t<dd class='wp-caption-text gallery-caption' id='gallery-1-4381'>\n\t\t\t\tMatto della Porta\n\t\t\t\t<\/dd><\/dl><dl class='gallery-item'>\n\t\t\t<dt class='gallery-icon landscape'>\n\t\t\t\t<a href='https:\/\/www.metodoideografico.it\/wp-content\/uploads\/2011\/11\/141.jpg'><img loading=\"lazy\" decoding=\"async\" width=\"150\" height=\"150\" src=\"https:\/\/www.metodoideografico.it\/wp-content\/uploads\/2011\/11\/141-150x150.jpg\" class=\"attachment-thumbnail size-thumbnail\" alt=\"\" aria-describedby=\"gallery-1-4380\" srcset=\"https:\/\/www.metodoideografico.it\/wp-content\/uploads\/2011\/11\/141-150x150.jpg 150w, https:\/\/www.metodoideografico.it\/wp-content\/uploads\/2011\/11\/141-300x300.jpg 300w, https:\/\/www.metodoideografico.it\/wp-content\/uploads\/2011\/11\/141.jpg 604w\" sizes=\"auto, (max-width: 150px) 100vw, 150px\" \/><\/a>\n\t\t\t<\/dt>\n\t\t\t\t<dd class='wp-caption-text gallery-caption' id='gallery-1-4380'>\n\t\t\t\tMatto del Reticolo\n\t\t\t\t<\/dd><\/dl><dl class='gallery-item'>\n\t\t\t<dt class='gallery-icon landscape'>\n\t\t\t\t<a href='https:\/\/www.metodoideografico.it\/wp-content\/uploads\/2011\/11\/131.jpg'><img loading=\"lazy\" decoding=\"async\" width=\"150\" height=\"150\" src=\"https:\/\/www.metodoideografico.it\/wp-content\/uploads\/2011\/11\/131-150x150.jpg\" class=\"attachment-thumbnail size-thumbnail\" alt=\"\" aria-describedby=\"gallery-1-4379\" srcset=\"https:\/\/www.metodoideografico.it\/wp-content\/uploads\/2011\/11\/131-150x150.jpg 150w, https:\/\/www.metodoideografico.it\/wp-content\/uploads\/2011\/11\/131-300x300.jpg 300w, https:\/\/www.metodoideografico.it\/wp-content\/uploads\/2011\/11\/131.jpg 604w\" sizes=\"auto, (max-width: 150px) 100vw, 150px\" \/><\/a>\n\t\t\t<\/dt>\n\t\t\t\t<dd class='wp-caption-text gallery-caption' id='gallery-1-4379'>\n\t\t\t\tMatto dell&#8217;Astronomo\n\t\t\t\t<\/dd><\/dl><br style=\"clear: both\" \/><dl class='gallery-item'>\n\t\t\t<dt class='gallery-icon landscape'>\n\t\t\t\t<a href='https:\/\/www.metodoideografico.it\/wp-content\/uploads\/2011\/11\/121.jpg'><img loading=\"lazy\" decoding=\"async\" width=\"150\" height=\"150\" src=\"https:\/\/www.metodoideografico.it\/wp-content\/uploads\/2011\/11\/121-150x150.jpg\" class=\"attachment-thumbnail size-thumbnail\" alt=\"\" aria-describedby=\"gallery-1-4378\" srcset=\"https:\/\/www.metodoideografico.it\/wp-content\/uploads\/2011\/11\/121-150x150.jpg 150w, https:\/\/www.metodoideografico.it\/wp-content\/uploads\/2011\/11\/121-300x300.jpg 300w, https:\/\/www.metodoideografico.it\/wp-content\/uploads\/2011\/11\/121.jpg 604w\" sizes=\"auto, (max-width: 150px) 100vw, 150px\" \/><\/a>\n\t\t\t<\/dt>\n\t\t\t\t<dd class='wp-caption-text gallery-caption' id='gallery-1-4378'>\n\t\t\t\tMatto del Leone\n\t\t\t\t<\/dd><\/dl><dl class='gallery-item'>\n\t\t\t<dt class='gallery-icon landscape'>\n\t\t\t\t<a href='https:\/\/www.metodoideografico.it\/wp-content\/uploads\/2011\/11\/111.jpg'><img loading=\"lazy\" decoding=\"async\" width=\"150\" height=\"150\" src=\"https:\/\/www.metodoideografico.it\/wp-content\/uploads\/2011\/11\/111-150x150.jpg\" class=\"attachment-thumbnail size-thumbnail\" alt=\"\" aria-describedby=\"gallery-1-4377\" srcset=\"https:\/\/www.metodoideografico.it\/wp-content\/uploads\/2011\/11\/111-150x150.jpg 150w, https:\/\/www.metodoideografico.it\/wp-content\/uploads\/2011\/11\/111-300x300.jpg 300w, https:\/\/www.metodoideografico.it\/wp-content\/uploads\/2011\/11\/111.jpg 604w\" sizes=\"auto, (max-width: 150px) 100vw, 150px\" \/><\/a>\n\t\t\t<\/dt>\n\t\t\t\t<dd class='wp-caption-text gallery-caption' id='gallery-1-4377'>\n\t\t\t\tMatto dell&#8217;Armatura\n\t\t\t\t<\/dd><\/dl><dl class='gallery-item'>\n\t\t\t<dt class='gallery-icon landscape'>\n\t\t\t\t<a href='https:\/\/www.metodoideografico.it\/wp-content\/uploads\/2011\/11\/10.jpg'><img loading=\"lazy\" decoding=\"async\" width=\"150\" height=\"150\" src=\"https:\/\/www.metodoideografico.it\/wp-content\/uploads\/2011\/11\/10-150x150.jpg\" class=\"attachment-thumbnail size-thumbnail\" alt=\"\" aria-describedby=\"gallery-1-4376\" srcset=\"https:\/\/www.metodoideografico.it\/wp-content\/uploads\/2011\/11\/10-150x150.jpg 150w, https:\/\/www.metodoideografico.it\/wp-content\/uploads\/2011\/11\/10-300x300.jpg 300w, https:\/\/www.metodoideografico.it\/wp-content\/uploads\/2011\/11\/10.jpg 604w\" sizes=\"auto, (max-width: 150px) 100vw, 150px\" \/><\/a>\n\t\t\t<\/dt>\n\t\t\t\t<dd class='wp-caption-text gallery-caption' id='gallery-1-4376'>\n\t\t\t\tMatto dell&#8217;Orologio\n\t\t\t\t<\/dd><\/dl><dl class='gallery-item'>\n\t\t\t<dt class='gallery-icon landscape'>\n\t\t\t\t<a href='https:\/\/www.metodoideografico.it\/wp-content\/uploads\/2011\/11\/18.jpg'><img loading=\"lazy\" decoding=\"async\" width=\"150\" height=\"150\" src=\"https:\/\/www.metodoideografico.it\/wp-content\/uploads\/2011\/11\/18-150x150.jpg\" class=\"attachment-thumbnail size-thumbnail\" alt=\"\" aria-describedby=\"gallery-1-4367\" srcset=\"https:\/\/www.metodoideografico.it\/wp-content\/uploads\/2011\/11\/18-150x150.jpg 150w, https:\/\/www.metodoideografico.it\/wp-content\/uploads\/2011\/11\/18-300x300.jpg 300w, https:\/\/www.metodoideografico.it\/wp-content\/uploads\/2011\/11\/18.jpg 604w\" sizes=\"auto, (max-width: 150px) 100vw, 150px\" \/><\/a>\n\t\t\t<\/dt>\n\t\t\t\t<dd class='wp-caption-text gallery-caption' id='gallery-1-4367'>\n\t\t\t\tMatto dell&#8217;Eremita\n\t\t\t\t<\/dd><\/dl><br style=\"clear: both\" \/>\n\t\t<\/div>\n\n","protected":false},"excerpt":{"rendered":"<p>&#8220;Al di l\u00e0 di sei fiumi e tre catene di montagne sorge Zora, citt\u00e0 che chi l&#8217;ha vista una volta non pu\u00f2 pi\u00fa dimenticare. Ma non perch\u00e9 essa lasci come altre citt\u00e0 memorabili un&#8217;immagine fuor del comune nei ricordi. Zora ha la propriet\u00e0 di restare nella memoria punto per punto, nella successione delle vie, e [&hellip;]<\/p>\n","protected":false},"author":2,"featured_media":0,"comment_status":"open","ping_status":"open","sticky":false,"template":"","format":"standard","meta":{"footnotes":""},"categories":[34,3,25,7,15],"tags":[],"class_list":["post-4364","post","type-post","status-publish","format-standard","hentry","category-batterie","category-blog","category-checkmate-pattern","category-metodo-ideografico","category-training"],"_links":{"self":[{"href":"https:\/\/www.metodoideografico.it\/index.php\/wp-json\/wp\/v2\/posts\/4364","targetHints":{"allow":["GET"]}}],"collection":[{"href":"https:\/\/www.metodoideografico.it\/index.php\/wp-json\/wp\/v2\/posts"}],"about":[{"href":"https:\/\/www.metodoideografico.it\/index.php\/wp-json\/wp\/v2\/types\/post"}],"author":[{"embeddable":true,"href":"https:\/\/www.metodoideografico.it\/index.php\/wp-json\/wp\/v2\/users\/2"}],"replies":[{"embeddable":true,"href":"https:\/\/www.metodoideografico.it\/index.php\/wp-json\/wp\/v2\/comments?post=4364"}],"version-history":[{"count":5,"href":"https:\/\/www.metodoideografico.it\/index.php\/wp-json\/wp\/v2\/posts\/4364\/revisions"}],"predecessor-version":[{"id":4385,"href":"https:\/\/www.metodoideografico.it\/index.php\/wp-json\/wp\/v2\/posts\/4364\/revisions\/4385"}],"wp:attachment":[{"href":"https:\/\/www.metodoideografico.it\/index.php\/wp-json\/wp\/v2\/media?parent=4364"}],"wp:term":[{"taxonomy":"category","embeddable":true,"href":"https:\/\/www.metodoideografico.it\/index.php\/wp-json\/wp\/v2\/categories?post=4364"},{"taxonomy":"post_tag","embeddable":true,"href":"https:\/\/www.metodoideografico.it\/index.php\/wp-json\/wp\/v2\/tags?post=4364"}],"curies":[{"name":"wp","href":"https:\/\/api.w.org\/{rel}","templated":true}]}}