{"id":4961,"date":"2012-02-27T13:38:37","date_gmt":"2012-02-27T13:38:37","guid":{"rendered":"http:\/\/sassariscacchi.fuoriradio.com\/?p=4961"},"modified":"2012-02-27T17:59:44","modified_gmt":"2012-02-27T17:59:44","slug":"i-nuovi-campioni-della-provincia-di-sassari","status":"publish","type":"post","link":"https:\/\/www.metodoideografico.it\/index.php\/2012\/02\/27\/i-nuovi-campioni-della-provincia-di-sassari\/","title":{"rendered":"I nuovi campioni della provincia di Sassari"},"content":{"rendered":"<p>Si \u00e8 svolto nella giornata di ieri il campionato provinciale under 16. La sede di gioco era presso il ristorante del Parco di Bunnari, dove tra un turno e l&#8217;altro i partecipanti hanno anche potuto svagarsi in brevi passeggiate o coi giochi del parco. I partecipanti erano in tutto 30, un numero non troppo basso considerando che proprio domenica molti bambini erano impegnati nella festa della &#8220;Pentolaccia&#8221;.<br \/>\nTuttavia posso tranquillamente affermare che da una decina d&#8217;anni a questa parte questo \u00e8 stato il campionato con il miglior livello tecnico. Davvero sbalorditivo in tal senso il torneo dei piccoli alfieri, dove i quattro concorrenti, tutti di 7 anni, hanno dato vita ad una bellissima sfida. Ha vinto Vittorio Deroma, a punteggio pieno, davanti ad Alessandro Rosa, il russo Arsen Pogosian e Francesco Filia. Purtroppo assenti le bambine, nonostante presso le scuole ho decine di bambine che non avrebbero certo sfigurato in questa competizione.<\/p>\n<p>Nella categoria Pulcini c&#8217;\u00e8 stata battaglia sino alla fine e la vittoria \u00e8 andata a Tiziano Federici, di Osilo, davanti al compagno di classe Marco Zubani, Gabriele Ledda e Marco Manca (unico ad aver avuto la soddisfazione di aver battuto il vincitore). Ottima prestazione anche di Margherita Marruseddu che si \u00e8 affermata come campionessa provinciale.<\/p>\n<p>Nei giovanissimi invece la vittoria non \u00e8 mai stata in discussione, perch\u00e9 il bravissimo Kilian Le Creurer ha vinto tutte le partite senza troppe difficolt\u00e0 distanziando cos\u00ec di un punto il secondo classificato, Pier Francesco Marongiu che \u00e8 stato la rivelazione del torneo, e di due punti il terzo classificato Davide Achene che rientrava dopo circa due anni di assenza.<br \/>\nUn po&#8217; sfortunati i due gemelli Marco e Aldo De Negri che si sono piazzati rispettivamente 4\u00b0 e 5\u00b0, davanti alla compagna di classe Rosanna Barabino, vincitrice per\u00f2 del titolo di campionessa provinciale giovanissimi.<\/p>\n<p>Per la categoria cadetti invece il podio \u00e8 tutto ozierese: campione provinciale si \u00e8 classificato Alessandro Polo, davanti ad Andrea Cola e Mario Pedranghelu. Mentre la sassarese Maria Cuccu ancora una volta si \u00e8 riconfermata campionessa provinciale femminile. La categoria Allievi invece non si \u00e8 potuta disputare per la mancanza di giocatori, cos\u00ec la bravissima Francesca Atzeni ha conquistato il titolo a tavolino, giocando per tutta la giornata con giocatori di prima nazionale, tanto per non perdere un&#8217;occasione per migliorarsi!<\/p>\n<p><a href=\"http:\/\/www.scacchi-torres.it\/adst\/2012\/risult_provU16_SS.pdf\">\u00a0Tutti i risultati in dettaglio li potete trovare sul sito\u00a0 Scacchi Torres, curato da Pierpaolo Loriga.<\/a><\/p>\n<p>&nbsp;<\/p>\n\n\t\t<style type=\"text\/css\">\n\t\t\t#gallery-1 {\n\t\t\t\tmargin: auto;\n\t\t\t}\n\t\t\t#gallery-1 .gallery-item {\n\t\t\t\tfloat: left;\n\t\t\t\tmargin-top: 10px;\n\t\t\t\ttext-align: center;\n\t\t\t\twidth: 33%;\n\t\t\t}\n\t\t\t#gallery-1 img {\n\t\t\t\tborder: 2px solid #cfcfcf;\n\t\t\t}\n\t\t\t#gallery-1 .gallery-caption {\n\t\t\t\tmargin-left: 0;\n\t\t\t}\n\t\t\t\/* see gallery_shortcode() in wp-includes\/media.php *\/\n\t\t<\/style>\n\t\t<div id='gallery-1' class='gallery galleryid-4961 gallery-columns-3 gallery-size-thumbnail'><dl class='gallery-item'>\n\t\t\t<dt class='gallery-icon landscape'>\n\t\t\t\t<a href='https:\/\/www.metodoideografico.it\/wp-content\/uploads\/2012\/02\/Premiazione.jpg'><img loading=\"lazy\" decoding=\"async\" width=\"150\" height=\"150\" src=\"https:\/\/www.metodoideografico.it\/wp-content\/uploads\/2012\/02\/Premiazione-150x150.jpg\" class=\"attachment-thumbnail size-thumbnail\" alt=\"\" aria-describedby=\"gallery-1-4980\" \/><\/a>\n\t\t\t<\/dt>\n\t\t\t\t<dd class='wp-caption-text gallery-caption' id='gallery-1-4980'>\n\t\t\t\tUn momento della premiazione: Marco Zubani\n\t\t\t\t<\/dd><\/dl><dl class='gallery-item'>\n\t\t\t<dt class='gallery-icon landscape'>\n\t\t\t\t<a href='https:\/\/www.metodoideografico.it\/wp-content\/uploads\/2012\/02\/piccoli-alfieri-2.jpg'><img loading=\"lazy\" decoding=\"async\" width=\"150\" height=\"150\" src=\"https:\/\/www.metodoideografico.it\/wp-content\/uploads\/2012\/02\/piccoli-alfieri-2-150x150.jpg\" class=\"attachment-thumbnail size-thumbnail\" alt=\"\" \/><\/a>\n\t\t\t<\/dt><\/dl><dl class='gallery-item'>\n\t\t\t<dt class='gallery-icon landscape'>\n\t\t\t\t<a href='https:\/\/www.metodoideografico.it\/wp-content\/uploads\/2012\/02\/piccoli-alfieri.jpg'><img loading=\"lazy\" decoding=\"async\" width=\"150\" height=\"150\" src=\"https:\/\/www.metodoideografico.it\/wp-content\/uploads\/2012\/02\/piccoli-alfieri-150x150.jpg\" class=\"attachment-thumbnail size-thumbnail\" alt=\"\" aria-describedby=\"gallery-1-4978\" \/><\/a>\n\t\t\t<\/dt>\n\t\t\t\t<dd class='wp-caption-text gallery-caption' id='gallery-1-4978'>\n\t\t\t\tIl &#8220;girone di ferro&#8221; dei Piccoli Alfieri\n\t\t\t\t<\/dd><\/dl><br style=\"clear: both\" \/><dl class='gallery-item'>\n\t\t\t<dt class='gallery-icon landscape'>\n\t\t\t\t<a href='https:\/\/www.metodoideografico.it\/wp-content\/uploads\/2012\/02\/Margherita.jpg'><img loading=\"lazy\" decoding=\"async\" width=\"150\" height=\"150\" src=\"https:\/\/www.metodoideografico.it\/wp-content\/uploads\/2012\/02\/Margherita-150x150.jpg\" class=\"attachment-thumbnail size-thumbnail\" alt=\"\" aria-describedby=\"gallery-1-4975\" \/><\/a>\n\t\t\t<\/dt>\n\t\t\t\t<dd class='wp-caption-text gallery-caption' id='gallery-1-4975'>\n\t\t\t\tLa campionessa provinciale dei Pulcini: Margherita Marruseddu\n\t\t\t\t<\/dd><\/dl><dl class='gallery-item'>\n\t\t\t<dt class='gallery-icon landscape'>\n\t\t\t\t<a href='https:\/\/www.metodoideografico.it\/wp-content\/uploads\/2012\/02\/Rosanna.jpg'><img loading=\"lazy\" decoding=\"async\" width=\"150\" height=\"150\" src=\"https:\/\/www.metodoideografico.it\/wp-content\/uploads\/2012\/02\/Rosanna-150x150.jpg\" class=\"attachment-thumbnail size-thumbnail\" alt=\"\" aria-describedby=\"gallery-1-4981\" \/><\/a>\n\t\t\t<\/dt>\n\t\t\t\t<dd class='wp-caption-text gallery-caption' id='gallery-1-4981'>\n\t\t\t\tLa campionessa provinciale dei Giovanissimi: Rosanna Barabino\n\t\t\t\t<\/dd><\/dl><dl class='gallery-item'>\n\t\t\t<dt class='gallery-icon landscape'>\n\t\t\t\t<a href='https:\/\/www.metodoideografico.it\/wp-content\/uploads\/2012\/02\/Maria.jpg'><img loading=\"lazy\" decoding=\"async\" width=\"150\" height=\"150\" src=\"https:\/\/www.metodoideografico.it\/wp-content\/uploads\/2012\/02\/Maria-150x150.jpg\" class=\"attachment-thumbnail size-thumbnail\" alt=\"\" aria-describedby=\"gallery-1-4976\" \/><\/a>\n\t\t\t<\/dt>\n\t\t\t\t<dd class='wp-caption-text gallery-caption' id='gallery-1-4976'>\n\t\t\t\tLa campionessa provinciale Cadetti: Maria Cuccu\n\t\t\t\t<\/dd><\/dl><br style=\"clear: both\" \/><dl class='gallery-item'>\n\t\t\t<dt class='gallery-icon landscape'>\n\t\t\t\t<a href='https:\/\/www.metodoideografico.it\/wp-content\/uploads\/2012\/02\/kilian.jpg'><img loading=\"lazy\" decoding=\"async\" width=\"150\" height=\"150\" src=\"https:\/\/www.metodoideografico.it\/wp-content\/uploads\/2012\/02\/kilian-150x150.jpg\" class=\"attachment-thumbnail size-thumbnail\" alt=\"\" aria-describedby=\"gallery-1-4974\" \/><\/a>\n\t\t\t<\/dt>\n\t\t\t\t<dd class='wp-caption-text gallery-caption' id='gallery-1-4974'>\n\t\t\t\tIl &#8220;big-match&#8221; tra Kilian e Davide\n\t\t\t\t<\/dd><\/dl><dl class='gallery-item'>\n\t\t\t<dt class='gallery-icon landscape'>\n\t\t\t\t<a href='https:\/\/www.metodoideografico.it\/wp-content\/uploads\/2012\/02\/Vittorio.jpg'><img loading=\"lazy\" decoding=\"async\" width=\"150\" height=\"150\" src=\"https:\/\/www.metodoideografico.it\/wp-content\/uploads\/2012\/02\/Vittorio-150x150.jpg\" class=\"attachment-thumbnail size-thumbnail\" alt=\"\" aria-describedby=\"gallery-1-4983\" \/><\/a>\n\t\t\t<\/dt>\n\t\t\t\t<dd class='wp-caption-text gallery-caption' id='gallery-1-4983'>\n\t\t\t\tIl campione provinciale dei Piccoli Alfieri: Vittorio Deroma\n\t\t\t\t<\/dd><\/dl><dl class='gallery-item'>\n\t\t\t<dt class='gallery-icon landscape'>\n\t\t\t\t<a href='https:\/\/www.metodoideografico.it\/wp-content\/uploads\/2012\/02\/Tiziano.jpg'><img loading=\"lazy\" decoding=\"async\" width=\"150\" height=\"150\" src=\"https:\/\/www.metodoideografico.it\/wp-content\/uploads\/2012\/02\/Tiziano-150x150.jpg\" class=\"attachment-thumbnail size-thumbnail\" alt=\"\" aria-describedby=\"gallery-1-4982\" \/><\/a>\n\t\t\t<\/dt>\n\t\t\t\t<dd class='wp-caption-text gallery-caption' id='gallery-1-4982'>\n\t\t\t\tIl campione provinciale dei Giovanissimi: Tiziano Federici\n\t\t\t\t<\/dd><\/dl><br style=\"clear: both\" \/><dl class='gallery-item'>\n\t\t\t<dt class='gallery-icon landscape'>\n\t\t\t\t<a href='https:\/\/www.metodoideografico.it\/wp-content\/uploads\/2012\/02\/kilian1.jpg'><img loading=\"lazy\" decoding=\"async\" width=\"150\" height=\"150\" src=\"https:\/\/www.metodoideografico.it\/wp-content\/uploads\/2012\/02\/kilian1-150x150.jpg\" class=\"attachment-thumbnail size-thumbnail\" alt=\"\" aria-describedby=\"gallery-1-4973\" \/><\/a>\n\t\t\t<\/dt>\n\t\t\t\t<dd class='wp-caption-text gallery-caption' id='gallery-1-4973'>\n\t\t\t\tIl campione provinciale dei Giovanissimi: Kilian Lecreur\n\t\t\t\t<\/dd><\/dl><dl class='gallery-item'>\n\t\t\t<dt class='gallery-icon landscape'>\n\t\t\t\t<a href='https:\/\/www.metodoideografico.it\/wp-content\/uploads\/2012\/02\/Polo.jpg'><img loading=\"lazy\" decoding=\"async\" width=\"150\" height=\"150\" src=\"https:\/\/www.metodoideografico.it\/wp-content\/uploads\/2012\/02\/Polo-150x150.jpg\" class=\"attachment-thumbnail size-thumbnail\" alt=\"\" aria-describedby=\"gallery-1-4979\" \/><\/a>\n\t\t\t<\/dt>\n\t\t\t\t<dd class='wp-caption-text gallery-caption' id='gallery-1-4979'>\n\t\t\t\tIl campione provinciale Cadetti: Alessandro Polo\n\t\t\t\t<\/dd><\/dl><dl class='gallery-item'>\n\t\t\t<dt class='gallery-icon landscape'>\n\t\t\t\t<a href='https:\/\/www.metodoideografico.it\/wp-content\/uploads\/2012\/02\/Francesca.jpg'><img loading=\"lazy\" decoding=\"async\" width=\"150\" height=\"150\" src=\"https:\/\/www.metodoideografico.it\/wp-content\/uploads\/2012\/02\/Francesca-150x150.jpg\" class=\"attachment-thumbnail size-thumbnail\" alt=\"\" aria-describedby=\"gallery-1-4972\" srcset=\"https:\/\/www.metodoideografico.it\/wp-content\/uploads\/2012\/02\/Francesca-150x150.jpg 150w, https:\/\/www.metodoideografico.it\/wp-content\/uploads\/2012\/02\/Francesca-300x298.jpg 300w, https:\/\/www.metodoideografico.it\/wp-content\/uploads\/2012\/02\/Francesca-1024x1017.jpg 1024w, https:\/\/www.metodoideografico.it\/wp-content\/uploads\/2012\/02\/Francesca.jpg 1635w\" sizes=\"auto, (max-width: 150px) 100vw, 150px\" \/><\/a>\n\t\t\t<\/dt>\n\t\t\t\t<dd class='wp-caption-text gallery-caption' id='gallery-1-4972'>\n\t\t\t\tCampionessa provinciale Allievi: Francesca Atzeni\n\t\t\t\t<\/dd><\/dl><br style=\"clear: both\" \/><dl class='gallery-item'>\n\t\t\t<dt class='gallery-icon landscape'>\n\t\t\t\t<a href='https:\/\/www.metodoideografico.it\/wp-content\/uploads\/2012\/02\/biello.jpg'><img loading=\"lazy\" decoding=\"async\" width=\"150\" height=\"150\" src=\"https:\/\/www.metodoideografico.it\/wp-content\/uploads\/2012\/02\/biello-150x150.jpg\" class=\"attachment-thumbnail size-thumbnail\" alt=\"\" aria-describedby=\"gallery-1-4971\" \/><\/a>\n\t\t\t<\/dt>\n\t\t\t\t<dd class='wp-caption-text gallery-caption' id='gallery-1-4971'>\n\t\t\t\tL&#8217;arbitro Costantino Biello\n\t\t\t\t<\/dd><\/dl><dl class='gallery-item'>\n\t\t\t<dt class='gallery-icon landscape'>\n\t\t\t\t<a href='https:\/\/www.metodoideografico.it\/wp-content\/uploads\/2012\/02\/Arsen.jpg'><img loading=\"lazy\" decoding=\"async\" width=\"150\" height=\"150\" src=\"https:\/\/www.metodoideografico.it\/wp-content\/uploads\/2012\/02\/Arsen-150x150.jpg\" class=\"attachment-thumbnail size-thumbnail\" alt=\"\" aria-describedby=\"gallery-1-4970\" \/><\/a>\n\t\t\t<\/dt>\n\t\t\t\t<dd class='wp-caption-text gallery-caption' id='gallery-1-4970'>\n\t\t\t\tIl &#8220;fenomeno russo&#8221; Arsen!\n\t\t\t\t<\/dd><\/dl><dl class='gallery-item'>\n\t\t\t<dt class='gallery-icon landscape'>\n\t\t\t\t<a href='https:\/\/www.metodoideografico.it\/wp-content\/uploads\/2012\/02\/4.jpg'><img loading=\"lazy\" decoding=\"async\" width=\"150\" height=\"150\" src=\"https:\/\/www.metodoideografico.it\/wp-content\/uploads\/2012\/02\/4-150x150.jpg\" class=\"attachment-thumbnail size-thumbnail\" alt=\"\" \/><\/a>\n\t\t\t<\/dt><\/dl><br style=\"clear: both\" \/><dl class='gallery-item'>\n\t\t\t<dt class='gallery-icon landscape'>\n\t\t\t\t<a href='https:\/\/www.metodoideografico.it\/wp-content\/uploads\/2012\/02\/31.jpg'><img loading=\"lazy\" decoding=\"async\" width=\"150\" height=\"150\" src=\"https:\/\/www.metodoideografico.it\/wp-content\/uploads\/2012\/02\/31-150x150.jpg\" class=\"attachment-thumbnail size-thumbnail\" alt=\"\" \/><\/a>\n\t\t\t<\/dt><\/dl><dl class='gallery-item'>\n\t\t\t<dt class='gallery-icon landscape'>\n\t\t\t\t<a href='https:\/\/www.metodoideografico.it\/wp-content\/uploads\/2012\/02\/22.jpg'><img loading=\"lazy\" decoding=\"async\" width=\"150\" height=\"150\" src=\"https:\/\/www.metodoideografico.it\/wp-content\/uploads\/2012\/02\/22-150x150.jpg\" class=\"attachment-thumbnail size-thumbnail\" alt=\"\" \/><\/a>\n\t\t\t<\/dt><\/dl><dl class='gallery-item'>\n\t\t\t<dt class='gallery-icon landscape'>\n\t\t\t\t<a href='https:\/\/www.metodoideografico.it\/wp-content\/uploads\/2012\/02\/18.jpg'><img loading=\"lazy\" decoding=\"async\" width=\"150\" height=\"150\" src=\"https:\/\/www.metodoideografico.it\/wp-content\/uploads\/2012\/02\/18-150x150.jpg\" class=\"attachment-thumbnail size-thumbnail\" alt=\"\" aria-describedby=\"gallery-1-4966\" \/><\/a>\n\t\t\t<\/dt>\n\t\t\t\t<dd class='wp-caption-text gallery-caption' id='gallery-1-4966'>\n\t\t\t\tIl fenomeno Alessandro Rosa\n\t\t\t\t<\/dd><\/dl><br style=\"clear: both\" \/>\n\t\t<\/div>\n\n","protected":false},"excerpt":{"rendered":"<p>Si \u00e8 svolto nella giornata di ieri il campionato provinciale under 16. La sede di gioco era presso il ristorante del Parco di Bunnari, dove tra un turno e l&#8217;altro i partecipanti hanno anche potuto svagarsi in brevi passeggiate o coi giochi del parco. I partecipanti erano in tutto 30, un numero non troppo basso [&hellip;]<\/p>\n","protected":false},"author":2,"featured_media":0,"comment_status":"open","ping_status":"open","sticky":false,"template":"","format":"standard","meta":{"footnotes":""},"categories":[3,13,14],"tags":[],"class_list":["post-4961","post","type-post","status-publish","format-standard","hentry","category-blog","category-manifestazioni","category-tornei"],"_links":{"self":[{"href":"https:\/\/www.metodoideografico.it\/index.php\/wp-json\/wp\/v2\/posts\/4961","targetHints":{"allow":["GET"]}}],"collection":[{"href":"https:\/\/www.metodoideografico.it\/index.php\/wp-json\/wp\/v2\/posts"}],"about":[{"href":"https:\/\/www.metodoideografico.it\/index.php\/wp-json\/wp\/v2\/types\/post"}],"author":[{"embeddable":true,"href":"https:\/\/www.metodoideografico.it\/index.php\/wp-json\/wp\/v2\/users\/2"}],"replies":[{"embeddable":true,"href":"https:\/\/www.metodoideografico.it\/index.php\/wp-json\/wp\/v2\/comments?post=4961"}],"version-history":[{"count":12,"href":"https:\/\/www.metodoideografico.it\/index.php\/wp-json\/wp\/v2\/posts\/4961\/revisions"}],"predecessor-version":[{"id":4992,"href":"https:\/\/www.metodoideografico.it\/index.php\/wp-json\/wp\/v2\/posts\/4961\/revisions\/4992"}],"wp:attachment":[{"href":"https:\/\/www.metodoideografico.it\/index.php\/wp-json\/wp\/v2\/media?parent=4961"}],"wp:term":[{"taxonomy":"category","embeddable":true,"href":"https:\/\/www.metodoideografico.it\/index.php\/wp-json\/wp\/v2\/categories?post=4961"},{"taxonomy":"post_tag","embeddable":true,"href":"https:\/\/www.metodoideografico.it\/index.php\/wp-json\/wp\/v2\/tags?post=4961"}],"curies":[{"name":"wp","href":"https:\/\/api.w.org\/{rel}","templated":true}]}}