{"id":5231,"date":"2012-03-07T18:15:45","date_gmt":"2012-03-07T18:15:45","guid":{"rendered":"http:\/\/sassariscacchi.fuoriradio.com\/?p=5231"},"modified":"2012-03-09T09:37:49","modified_gmt":"2012-03-09T09:37:49","slug":"canopoleno-il-matto-di-cesare","status":"publish","type":"post","link":"https:\/\/www.metodoideografico.it\/index.php\/2012\/03\/07\/canopoleno-il-matto-di-cesare\/","title":{"rendered":"Canopoleno: il matto di Cesare!"},"content":{"rendered":"<div id=\"attachment_5234\" style=\"width: 250px\" class=\"wp-caption alignleft\"><a href=\"http:\/\/sassariscacchi.fuoriradio.com\/wp-content\/uploads\/2012\/03\/Alessandro.jpg\"><img loading=\"lazy\" decoding=\"async\" aria-describedby=\"caption-attachment-5234\" class=\" wp-image-5234  \" title=\"Foto di Mario Saragato\" src=\"http:\/\/sassariscacchi.fuoriradio.com\/wp-content\/uploads\/2012\/03\/Alessandro-300x199.jpg\" alt=\"\" width=\"240\" height=\"159\" srcset=\"https:\/\/www.metodoideografico.it\/wp-content\/uploads\/2012\/03\/Alessandro-300x199.jpg 300w, https:\/\/www.metodoideografico.it\/wp-content\/uploads\/2012\/03\/Alessandro.jpg 800w\" sizes=\"auto, (max-width: 240px) 100vw, 240px\" \/><\/a><p id=\"caption-attachment-5234\" class=\"wp-caption-text\">Alessandro Rosa durante il provinciale.<\/p><\/div>\n<p style=\"text-align: justify;\">Anche al Canopoleno grandi festeggiamenti per Alessandro Rosa, vice-campione provinciale dei <a href=\"http:\/\/sassariscacchi.fuoriradio.com\/index.php\/2012\/02\/27\/i-nuovi-campioni-della-provincia-di-sassari\/\">Piccoli Alfieri<\/a>, dietro solo al bravissimo Vittorio Deroma che negli ultimi mesi ho potuto seguire per due volte alla settimana. La lezione di oggi del laboratorio di scacchi alla seconda e terza primaria, con qualche innesto di allievi di scuola media, conl&#8217;aiuto della maestra Rita Sabatino, era ancora una volta sulla tattica. Ho messo delle posizioni da risolvere in poche mosse e ho fatto partecipare tutti i bambini presenti.<\/p>\n<p style=\"text-align: justify;\">Durante le partite, che sono sempre di miglior livello tecnico, ho potuto ammirare la capacit\u00e0 di visualizzare le posizioni di matto e soprattutto ho potuto notare partite molto pi\u00f9 combattute del solito. La posizione della foto \u00e8 un curioso scacco matto di Cesare, 7 anni, contro il compagno di classe Gabriele, che ha per\u00f2 disputato un ottima gare, crollando solo negli ultimi minuti.<\/p>\n<div class=\"mceTemp mceIEcenter\" style=\"text-align: justify;\">\n<dl id=\"attachment_5232\" class=\"wp-caption aligncenter\" style=\"width: 250px;\">\n<dt class=\"wp-caption-dt\"><a href=\"http:\/\/sassariscacchi.fuoriradio.com\/wp-content\/uploads\/2012\/03\/111.jpg\"><img loading=\"lazy\" decoding=\"async\" class=\" wp-image-5232 \" title=\"1\" src=\"http:\/\/sassariscacchi.fuoriradio.com\/wp-content\/uploads\/2012\/03\/111-300x234.jpg\" alt=\"\" width=\"240\" height=\"187\" srcset=\"https:\/\/www.metodoideografico.it\/wp-content\/uploads\/2012\/03\/111-300x234.jpg 300w, https:\/\/www.metodoideografico.it\/wp-content\/uploads\/2012\/03\/111-1024x799.jpg 1024w\" sizes=\"auto, (max-width: 240px) 100vw, 240px\" \/><\/a><\/dt>\n<dd class=\"wp-caption-dd\">Il matto di Cesare!<\/dd>\n<\/dl>\n<\/div>\n","protected":false},"excerpt":{"rendered":"<p>Anche al Canopoleno grandi festeggiamenti per Alessandro Rosa, vice-campione provinciale dei Piccoli Alfieri, dietro solo al bravissimo Vittorio Deroma che negli ultimi mesi ho potuto seguire per due volte alla settimana. La lezione di oggi del laboratorio di scacchi alla seconda e terza primaria, con qualche innesto di allievi di scuola media, conl&#8217;aiuto della maestra [&hellip;]<\/p>\n","protected":false},"author":2,"featured_media":0,"comment_status":"open","ping_status":"open","sticky":false,"template":"","format":"standard","meta":{"footnotes":""},"categories":[25,6,17],"tags":[],"class_list":["post-5231","post","type-post","status-publish","format-standard","hentry","category-checkmate-pattern","category-didattica","category-scuola"],"_links":{"self":[{"href":"https:\/\/www.metodoideografico.it\/index.php\/wp-json\/wp\/v2\/posts\/5231","targetHints":{"allow":["GET"]}}],"collection":[{"href":"https:\/\/www.metodoideografico.it\/index.php\/wp-json\/wp\/v2\/posts"}],"about":[{"href":"https:\/\/www.metodoideografico.it\/index.php\/wp-json\/wp\/v2\/types\/post"}],"author":[{"embeddable":true,"href":"https:\/\/www.metodoideografico.it\/index.php\/wp-json\/wp\/v2\/users\/2"}],"replies":[{"embeddable":true,"href":"https:\/\/www.metodoideografico.it\/index.php\/wp-json\/wp\/v2\/comments?post=5231"}],"version-history":[{"count":4,"href":"https:\/\/www.metodoideografico.it\/index.php\/wp-json\/wp\/v2\/posts\/5231\/revisions"}],"predecessor-version":[{"id":5259,"href":"https:\/\/www.metodoideografico.it\/index.php\/wp-json\/wp\/v2\/posts\/5231\/revisions\/5259"}],"wp:attachment":[{"href":"https:\/\/www.metodoideografico.it\/index.php\/wp-json\/wp\/v2\/media?parent=5231"}],"wp:term":[{"taxonomy":"category","embeddable":true,"href":"https:\/\/www.metodoideografico.it\/index.php\/wp-json\/wp\/v2\/categories?post=5231"},{"taxonomy":"post_tag","embeddable":true,"href":"https:\/\/www.metodoideografico.it\/index.php\/wp-json\/wp\/v2\/tags?post=5231"}],"curies":[{"name":"wp","href":"https:\/\/api.w.org\/{rel}","templated":true}]}}