{"id":7204,"date":"2013-01-05T11:26:36","date_gmt":"2013-01-05T11:26:36","guid":{"rendered":"http:\/\/sassariscacchi.fuoriradio.com\/?p=7204"},"modified":"2013-01-05T23:18:53","modified_gmt":"2013-01-05T23:18:53","slug":"anno-nuovo-impegno-nuovo","status":"publish","type":"post","link":"https:\/\/www.metodoideografico.it\/index.php\/2013\/01\/05\/anno-nuovo-impegno-nuovo\/","title":{"rendered":"Anno Nuovo, impegno nuovo!"},"content":{"rendered":"<div id=\"attachment_7205\" style=\"width: 310px\" class=\"wp-caption aligncenter\"><a href=\"http:\/\/sassariscacchi.fuoriradio.com\/wp-content\/uploads\/2013\/01\/quadro.jpg\"><img loading=\"lazy\" decoding=\"async\" aria-describedby=\"caption-attachment-7205\" class=\"size-medium wp-image-7205\" title=\"quadro\" src=\"http:\/\/sassariscacchi.fuoriradio.com\/wp-content\/uploads\/2013\/01\/quadro-300x216.jpg\" alt=\"\" width=\"300\" height=\"216\" srcset=\"https:\/\/www.metodoideografico.it\/wp-content\/uploads\/2013\/01\/quadro-300x216.jpg 300w, https:\/\/www.metodoideografico.it\/wp-content\/uploads\/2013\/01\/quadro.jpg 794w\" sizes=\"auto, (max-width: 300px) 100vw, 300px\" \/><\/a><p id=\"caption-attachment-7205\" class=\"wp-caption-text\">Lo splendido ritratto di Ermelinda Manfredi<\/p><\/div>\n<p style=\"text-align: justify;\">E cos\u00ec \u00e8 iniziato il 2013! Abbiamo superato la nefasta profezia di fine del mondo e persino le opulente prove dei cenoni di Natale e Capodanno. E tra pochi giorni si torna al lavoro e subito sono pronti impegni grandissimi e gratificanti. Per quanto mi riguarda l&#8217;Anno Nuovo inizier\u00e0 l&#8217;avventura nel Consiglio Direttivo della Federazione Scacchistica Italiana, per la quale ho tantissime speranze e idee, e molte altre le sto raccogliendo su proposta di molti validi istruttori italiani, per i quali ho creato <a title=\"Facebook\" href=\"https:\/\/www.facebook.com\/groups\/229620223838640\/\" target=\"_blank\">un gruppo su Facebook<\/a> per uno scambio costruttivo di suggerimenti.<\/p>\n<p style=\"text-align: justify;\">La prossima settimana inizier\u00f2 due nuovi laboratori al <a title=\"Canopoleno Sassari\" href=\"http:\/\/www.convittocanopoleno.it\/\" target=\"_blank\">Convitto Nazionale del Canopoleno<\/a>, dove il 12 gennaio inizier\u00e0 anche la <a title=\"Bando su Scacchi Torres\" href=\"http:\/\/www.scacchi-torres.it\/adst\/2013\/bando_XXXIVcitta-di-sassari.pdf\" target=\"_blank\">34^ Coppa Citt\u00e0 di Sassari<\/a> (sopravvissuta a tutte le difficolt\u00e0 organizzative). Si tratta di un appuntamento, di cui parler\u00f2 meglio in un prossimo post,\u00a0 che conferma la grande disponibilit\u00e0 di una Scuola che da diversi anni crede nella notevole capacit\u00e0 formativa (per l&#8217;individuo) ed educativa (per le capacit\u00e0 relazionali) degli scacchi rivolti ai giovani.<\/p>\n<p>\u00a0Un anno che inizia gi\u00e0 in bellezza, grazie allo splendido ritratto che Ermelinda Manfredi (sorella del nostro <a title=\"Francis Manfredi per il mio blog\" href=\"http:\/\/sassariscacchi.fuoriradio.com\/index.php\/Didattica\/arte\/francis-manfredi\/\" target=\"_blank\">Francis Manfredi<\/a> e madre del bravissimo allievo <a href=\"http:\/\/sassariscacchi.fuoriradio.com\/wp-content\/uploads\/2012\/02\/kilian1.jpg\" target=\"_blank\">Kilian<\/a>) ha voluto omaggiarmi in occasione di un torneo amichevole disputato sabato scorso. I <a title=\"Sito dei fratelli Manfredi\" href=\"http:\/\/www.arteedecorazione.it\/\" target=\"_blank\">fratelli Manfredi<\/a> sono due veri artisti, con la sensibilit\u00e0 umana che ogni vero artista deve possedere: ed io sono testimone, onorato, che loro lo siano oltre che per le loro capacit\u00e0 tecniche anche nel profondo dell&#8217;animo!<\/p>\n","protected":false},"excerpt":{"rendered":"<p>E cos\u00ec \u00e8 iniziato il 2013! Abbiamo superato la nefasta profezia di fine del mondo e persino le opulente prove dei cenoni di Natale e Capodanno. E tra pochi giorni si torna al lavoro e subito sono pronti impegni grandissimi e gratificanti. Per quanto mi riguarda l&#8217;Anno Nuovo inizier\u00e0 l&#8217;avventura nel Consiglio Direttivo della Federazione [&hellip;]<\/p>\n","protected":false},"author":2,"featured_media":0,"comment_status":"open","ping_status":"open","sticky":false,"template":"","format":"standard","meta":{"footnotes":""},"categories":[21,3],"tags":[],"class_list":["post-7204","post","type-post","status-publish","format-standard","hentry","category-arte","category-blog"],"_links":{"self":[{"href":"https:\/\/www.metodoideografico.it\/index.php\/wp-json\/wp\/v2\/posts\/7204","targetHints":{"allow":["GET"]}}],"collection":[{"href":"https:\/\/www.metodoideografico.it\/index.php\/wp-json\/wp\/v2\/posts"}],"about":[{"href":"https:\/\/www.metodoideografico.it\/index.php\/wp-json\/wp\/v2\/types\/post"}],"author":[{"embeddable":true,"href":"https:\/\/www.metodoideografico.it\/index.php\/wp-json\/wp\/v2\/users\/2"}],"replies":[{"embeddable":true,"href":"https:\/\/www.metodoideografico.it\/index.php\/wp-json\/wp\/v2\/comments?post=7204"}],"version-history":[{"count":8,"href":"https:\/\/www.metodoideografico.it\/index.php\/wp-json\/wp\/v2\/posts\/7204\/revisions"}],"predecessor-version":[{"id":7213,"href":"https:\/\/www.metodoideografico.it\/index.php\/wp-json\/wp\/v2\/posts\/7204\/revisions\/7213"}],"wp:attachment":[{"href":"https:\/\/www.metodoideografico.it\/index.php\/wp-json\/wp\/v2\/media?parent=7204"}],"wp:term":[{"taxonomy":"category","embeddable":true,"href":"https:\/\/www.metodoideografico.it\/index.php\/wp-json\/wp\/v2\/categories?post=7204"},{"taxonomy":"post_tag","embeddable":true,"href":"https:\/\/www.metodoideografico.it\/index.php\/wp-json\/wp\/v2\/tags?post=7204"}],"curies":[{"name":"wp","href":"https:\/\/api.w.org\/{rel}","templated":true}]}}