{"id":7454,"date":"2017-01-03T10:50:25","date_gmt":"2017-01-03T10:50:25","guid":{"rendered":"http:\/\/sassariscacchi.fuoriradio.com\/?p=7454"},"modified":"2017-01-03T10:53:04","modified_gmt":"2017-01-03T10:53:04","slug":"37-coppa-citta-di-sassari","status":"publish","type":"post","link":"https:\/\/www.metodoideografico.it\/index.php\/2017\/01\/03\/37-coppa-citta-di-sassari\/","title":{"rendered":"37^ Coppa Citt\u00e0 di Sassari"},"content":{"rendered":"<div style=\"width: 496px\" class=\"wp-caption alignleft\"><img loading=\"lazy\" decoding=\"async\" class=\"\" src=\"http:\/\/www.scacchi-torres.it\/adst\/galleria\/foto\/images\/01.jpg\" width=\"486\" height=\"348\" \/><p class=\"wp-caption-text\">Una sfida tra Antonello Piga e Pierpaolo Loriga nel 1974<\/p><\/div>\n<p>Tra pochi giorni, dal sei all&#8217;otto gennaio, si svolger\u00e0 a Sassari la 37 Coppa Citt\u00e0 di Sassari, valida anche come fase provinciale del Campionato Italiano Assoluto. Soluzione questa gi\u00e0 adottata da qualche anno (non sempre \u00e8 stato possibile in verit\u00e0&#8230;) per fare di necessit\u00e0 virt\u00f9 dovendo fare a meno, volontariamente, dei contributi comunali concessi per le manifestazioni sportive e culturali. Come gli scacchisti gi\u00e0 sapranno, infatti, il contributo irrisorio che da anni il Comune ci assegnava non era pi\u00f9 neppure congruo a coprire le spese logistiche, cos\u00ec ci siamo avvalsi della dignit\u00e0 di rifiutare quella che pareva essere\u00a0al pi\u00f9 una mancia a fini elettorali.<br \/>\nMa questo post non vuole essere di polemica &#8220;spicciola&#8221; ma vuole invece raccontare cosa sono stati gli scacchi a Sassari in oltre quarant&#8217;anni dalla fondazione del Circolo Torres, che da diversi anni ormai non ha neppure una sede sociale per le proprie attivit\u00e0.<br \/>\nGi\u00e0, perch\u00e9 dall&#8217;anno di fondazione nel lontano 1971 presso il complesso del Tennis Torres (da cui il nome) la Coppa Citt\u00e0 di Sassari ha visto delle edizioni di grandissimo livello tecnico: \u00e8 iniziato come torneo cittadino, appannaggio dei pi\u00f9 bravi giocatori che avevano fondato il circolo (come Sergio De Sortis, Giacomo Vetrano, Pierpaolo Loriga, Bruno Manunza, Maurizio Javarone, Lorenzo Maldarelli) per diventare presto un classico appuntamento regionale che coinvolgeva i migliori scacchisti sardi (come Edoardo e Antonio Buchicchio, Mario Nurchis e Domenico Pes, Rodolfo Leoni) , per poi approdare ad un livello magistrale di tutto rispetto (con le battaglie &#8220;epiche&#8221; tra la scuola sassarese e quella cagliaritana, con Enzo Neri e Gianlazzaro Sanna, successivamente dei maestri Gianpaolo Buchicchio, Alessandro Guerra, Simone Basciu, Isacco Ibba) ed aver raggiunto anche un livello internazionale (con lo slavo Ljibisavljevic, il francese Axel Delorme ed il talento oristanese Francesco Sonis vincitore delle due ultime edizioni); chi volesse dare un&#8217;occhiata pu\u00f2 consultare direttamente <a href=\"http:\/\/www.scacchi-torres.it\/adst\/new_site.htm\">l&#8217;Albo d&#8217;oro<\/a> della manifestazione.<\/p>\n<p>Nonostante le alterne vicissitudini il Circolo Scacchi Torres ha esercitato invece una costante opera di diffusione del gioco soprattutto negli oratori e nelle scuole, sfornando negli ultimi dieci anni non meno di 200 nuovi appassionati all&#8217;anno, contemporaneamente organizzando manifestazioni pubbliche e corsi anche nelle carceri cittadine. Proprio la diffusione nelle scuole (una decina quelle attualmente coinvolte) potranno essere la speranza per \u00a0un ricambio generazionale (e sarebbe il terzo) che gi\u00e0 si vede dalle ultime edizioni della Coppa, che sempre pi\u00f9 vede giovani talenti in lizza per i primi posti (qui per brevit\u00e0 ricordiamo oltre al gi\u00e0 citato Francesco Sonis anche Matteo Pitzanti, Yuri Sanna, Kilian Le Creurer) e le nuovissime leve (Maria Cuccu, Rebecca Cossu, Vittorio Deroma, Francesca Atzeni, Giovanni Sanna e tanti altri).<\/p>\n<p>Quindi, in conclusione, l&#8217;auspicio \u00e8 che questa prossima edizione possa onorare un passato tanto glorioso ed essere magari anche l&#8217;occasione per un rilancio degli scacchi a Sassari oppure l&#8217;inizio di una nuova esperienza nei paesi limitrofi, come Sorso, dove gi\u00e0 una decina di classi sta muovendo quest&#8217;anno i primi passi sulla scacchiera.<\/p>\n","protected":false},"excerpt":{"rendered":"<p>Tra pochi giorni, dal sei all&#8217;otto gennaio, si svolger\u00e0 a Sassari la 37 Coppa Citt\u00e0 di Sassari, valida anche come fase provinciale del Campionato Italiano Assoluto. Soluzione questa gi\u00e0 adottata da qualche anno (non sempre \u00e8 stato possibile in verit\u00e0&#8230;) per fare di necessit\u00e0 virt\u00f9 dovendo fare a meno, volontariamente, dei contributi comunali concessi per [&hellip;]<\/p>\n","protected":false},"author":2,"featured_media":0,"comment_status":"open","ping_status":"open","sticky":false,"template":"","format":"standard","meta":{"footnotes":""},"categories":[3,13,14],"tags":[],"class_list":["post-7454","post","type-post","status-publish","format-standard","hentry","category-blog","category-manifestazioni","category-tornei"],"_links":{"self":[{"href":"https:\/\/www.metodoideografico.it\/index.php\/wp-json\/wp\/v2\/posts\/7454","targetHints":{"allow":["GET"]}}],"collection":[{"href":"https:\/\/www.metodoideografico.it\/index.php\/wp-json\/wp\/v2\/posts"}],"about":[{"href":"https:\/\/www.metodoideografico.it\/index.php\/wp-json\/wp\/v2\/types\/post"}],"author":[{"embeddable":true,"href":"https:\/\/www.metodoideografico.it\/index.php\/wp-json\/wp\/v2\/users\/2"}],"replies":[{"embeddable":true,"href":"https:\/\/www.metodoideografico.it\/index.php\/wp-json\/wp\/v2\/comments?post=7454"}],"version-history":[{"count":7,"href":"https:\/\/www.metodoideografico.it\/index.php\/wp-json\/wp\/v2\/posts\/7454\/revisions"}],"predecessor-version":[{"id":7461,"href":"https:\/\/www.metodoideografico.it\/index.php\/wp-json\/wp\/v2\/posts\/7454\/revisions\/7461"}],"wp:attachment":[{"href":"https:\/\/www.metodoideografico.it\/index.php\/wp-json\/wp\/v2\/media?parent=7454"}],"wp:term":[{"taxonomy":"category","embeddable":true,"href":"https:\/\/www.metodoideografico.it\/index.php\/wp-json\/wp\/v2\/categories?post=7454"},{"taxonomy":"post_tag","embeddable":true,"href":"https:\/\/www.metodoideografico.it\/index.php\/wp-json\/wp\/v2\/tags?post=7454"}],"curies":[{"name":"wp","href":"https:\/\/api.w.org\/{rel}","templated":true}]}}