{"id":7883,"date":"2025-09-12T08:44:17","date_gmt":"2025-09-12T08:44:17","guid":{"rendered":"https:\/\/www.metodoideografico.it\/?p=7883"},"modified":"2025-09-12T08:44:17","modified_gmt":"2025-09-12T08:44:17","slug":"presentazione-dello-scaccodiario-2025-26","status":"publish","type":"post","link":"https:\/\/www.metodoideografico.it\/index.php\/2025\/09\/12\/presentazione-dello-scaccodiario-2025-26\/","title":{"rendered":"Presentazione dello Scaccodiario 2025\/26"},"content":{"rendered":"\n<hr class=\"wp-block-separator has-alpha-channel-opacity\"\/>\n\n\n\n<h3 class=\"wp-block-heading\">Un pomeriggio speciale a Bergamo: Scacchi, libri e nuove idee<\/h3>\n\n\n\n<figure class=\"wp-block-image size-large\"><a href=\"https:\/\/www.metodoideografico.it\/wp-content\/uploads\/2025\/09\/1-2.jpg\"><img loading=\"lazy\" decoding=\"async\" width=\"1024\" height=\"1024\" src=\"https:\/\/www.metodoideografico.it\/wp-content\/uploads\/2025\/09\/1-2-1024x1024.jpg\" alt=\"\" class=\"wp-image-7884\" srcset=\"https:\/\/www.metodoideografico.it\/wp-content\/uploads\/2025\/09\/1-2-1024x1024.jpg 1024w, https:\/\/www.metodoideografico.it\/wp-content\/uploads\/2025\/09\/1-2-300x300.jpg 300w, https:\/\/www.metodoideografico.it\/wp-content\/uploads\/2025\/09\/1-2-150x150.jpg 150w, https:\/\/www.metodoideografico.it\/wp-content\/uploads\/2025\/09\/1-2-768x768.jpg 768w, https:\/\/www.metodoideografico.it\/wp-content\/uploads\/2025\/09\/1-2.jpg 1440w\" sizes=\"auto, (max-width: 1024px) 100vw, 1024px\" \/><\/a><\/figure>\n\n\n\n<p>Sabato 6 settembre \u00e8 stata una giornata che porter\u00f2 sempre nel cuore, insieme alla giornata di venerd\u00ec dedicata alla scoperta di Bergamo grazie agli amici Daniele Galasso ed Emilio Valenzuela che ho avuto la fortuna di conoscere a Bardonecchia. <br>La <strong>Biblioteca Tiraboschi di Bergamo<\/strong> ha ospitato un evento che rappresenta molto pi\u00f9 di una semplice presentazione: la prima di una serie di iniziative promosse dalla <strong>Sezione Scacchi della Polisportiva dei Colli<\/strong>, con l&#8217;obiettivo di diffondere il valore didattico degli scacchi, ma solo l&#8217;ultima tappa di tantissime iniziative svolte nel territorio con una grande propensione all&#8217;aspetto sociale degli scacchi, spesso trascurato dalle ASD sportive.<\/p>\n\n\n\n<figure class=\"wp-block-image size-large\"><a href=\"https:\/\/www.metodoideografico.it\/wp-content\/uploads\/2025\/09\/545524277_1620323382329258_6508613997509749837_n.jpg\"><img loading=\"lazy\" decoding=\"async\" width=\"1024\" height=\"1024\" src=\"https:\/\/www.metodoideografico.it\/wp-content\/uploads\/2025\/09\/545524277_1620323382329258_6508613997509749837_n-1024x1024.jpg\" alt=\"\" class=\"wp-image-7885\" srcset=\"https:\/\/www.metodoideografico.it\/wp-content\/uploads\/2025\/09\/545524277_1620323382329258_6508613997509749837_n-1024x1024.jpg 1024w, https:\/\/www.metodoideografico.it\/wp-content\/uploads\/2025\/09\/545524277_1620323382329258_6508613997509749837_n-300x300.jpg 300w, https:\/\/www.metodoideografico.it\/wp-content\/uploads\/2025\/09\/545524277_1620323382329258_6508613997509749837_n-150x150.jpg 150w, https:\/\/www.metodoideografico.it\/wp-content\/uploads\/2025\/09\/545524277_1620323382329258_6508613997509749837_n-768x768.jpg 768w, https:\/\/www.metodoideografico.it\/wp-content\/uploads\/2025\/09\/545524277_1620323382329258_6508613997509749837_n.jpg 1440w\" sizes=\"auto, (max-width: 1024px) 100vw, 1024px\" \/><\/a><\/figure>\n\n\n\n<p>Questo primo appuntamento \u00e8 stato un vero successo e ha superato ogni mia aspettativa. Ho avuto l&#8217;opportunit\u00e0 di parlare delle mie pubblicazioni, in particolare di &#8220;<strong><a href=\"https:\/\/www.scacco.it\/it\/prod\/scaccodiario2526\">SCACCO DIARIO 20<\/a>25\/26<\/strong>&#8221; e &#8220;<strong><a href=\"https:\/\/www.scacco.it\/it\/prod\/quadri-di-matto-scacchi?id=7565\">QUADRI <\/a>DI MATTO<\/strong>&#8220;, pubblicati dalla casa editrice Le Due Torri. Mi ha fatto un immenso piacere vedere come il mio approccio, basato su vignette, rime e associazioni per facilitare l&#8217;apprendimento, risuoni positivamente con tante persone.<\/p>\n\n\n\n<p><\/p>\n\n\n\n<p>Durante l&#8217;evento, sono intervenute figure di grande spessore che hanno arricchito il dibattito. Ringrazio di cuore <strong>Marcella Messina<\/strong>, Assessore alle politiche sociali e allo Sport del Comune di Bergamo, e <strong>Laura Boni<\/strong>, Responsabile del Sistema Bibliotecario Urbano. Il loro supporto ha dimostrato l&#8217;interesse delle istituzioni verso iniziative come questa. Un grazie speciale va anche a <strong>Paolo Collaro<\/strong> e <strong>Pietro Barrera<\/strong>, rispettivamente Presidente del Comitato Regionale Lombardo e Consigliere della Federazione Scacchistica Italiana, per la loro preziosa partecipazione.<\/p>\n\n\n\n<p>Il dibattito, sapientemente moderato da <strong>Daniele Galasso<\/strong>, responsabile della Sezione Scacchi, ha toccato punti cruciali, dalla necessit\u00e0 di inserire gli scacchi nelle scuole all&#8217;importanza di creare spazi dedicati per i giovani che vogliono crescere in questo sport. \u00c8 stato un confronto stimolante che mi ha dato ulteriore carica per continuare il mio lavoro.<\/p>\n\n\n\n<p>La giornata si \u00e8 conclusa con un momento che mi ha emozionato particolarmente: ho potuto incontrare di persona tanti lettori e appassionati, firmare le copie dei miei libri e scambiare due chiacchiere. Vedere il loro entusiasmo mi spinge a proseguire su questa strada.<\/p>\n\n\n\n<p>Ringrazio tutti coloro che sono venuti e vi invito a seguire il blog per restare aggiornati sulle prossime tappe. Siamo solo all&#8217;inizio di un meraviglioso percorso!<\/p>\n","protected":false},"excerpt":{"rendered":"<p>Un pomeriggio speciale a Bergamo: Scacchi, libri e nuove idee Sabato 6 settembre \u00e8 stata una giornata che porter\u00f2 sempre nel cuore, insieme alla giornata di venerd\u00ec dedicata alla scoperta di Bergamo grazie agli amici Daniele Galasso ed Emilio Valenzuela che ho avuto la fortuna di conoscere a Bardonecchia. La Biblioteca Tiraboschi di Bergamo ha [&hellip;]<\/p>\n","protected":false},"author":2,"featured_media":0,"comment_status":"open","ping_status":"open","sticky":false,"template":"","format":"standard","meta":{"footnotes":""},"categories":[3],"tags":[],"class_list":["post-7883","post","type-post","status-publish","format-standard","hentry","category-blog"],"_links":{"self":[{"href":"https:\/\/www.metodoideografico.it\/index.php\/wp-json\/wp\/v2\/posts\/7883","targetHints":{"allow":["GET"]}}],"collection":[{"href":"https:\/\/www.metodoideografico.it\/index.php\/wp-json\/wp\/v2\/posts"}],"about":[{"href":"https:\/\/www.metodoideografico.it\/index.php\/wp-json\/wp\/v2\/types\/post"}],"author":[{"embeddable":true,"href":"https:\/\/www.metodoideografico.it\/index.php\/wp-json\/wp\/v2\/users\/2"}],"replies":[{"embeddable":true,"href":"https:\/\/www.metodoideografico.it\/index.php\/wp-json\/wp\/v2\/comments?post=7883"}],"version-history":[{"count":2,"href":"https:\/\/www.metodoideografico.it\/index.php\/wp-json\/wp\/v2\/posts\/7883\/revisions"}],"predecessor-version":[{"id":7887,"href":"https:\/\/www.metodoideografico.it\/index.php\/wp-json\/wp\/v2\/posts\/7883\/revisions\/7887"}],"wp:attachment":[{"href":"https:\/\/www.metodoideografico.it\/index.php\/wp-json\/wp\/v2\/media?parent=7883"}],"wp:term":[{"taxonomy":"category","embeddable":true,"href":"https:\/\/www.metodoideografico.it\/index.php\/wp-json\/wp\/v2\/categories?post=7883"},{"taxonomy":"post_tag","embeddable":true,"href":"https:\/\/www.metodoideografico.it\/index.php\/wp-json\/wp\/v2\/tags?post=7883"}],"curies":[{"name":"wp","href":"https:\/\/api.w.org\/{rel}","templated":true}]}}